{"id":135252,"date":"2021-12-08T12:18:04","date_gmt":"2021-12-08T17:18:04","guid":{"rendered":"https:\/\/linitiative.ca\/International\/mali-sept-casques-bleus-tues\/"},"modified":"2021-12-08T12:18:04","modified_gmt":"2021-12-08T17:18:04","slug":"mali-sept-casques-bleus-tues","status":"publish","type":"post","link":"https:\/\/linitiative.ca\/International\/mali-sept-casques-bleus-tues\/","title":{"rendered":"Mali : sept Casques bleus tu\u00e9s"},"content":{"rendered":"<div>\n<p><img decoding=\"async\" width=\"1000\" height=\"516\" src=\"https:\/\/linitiative.ca\/International\/wp-content\/uploads\/sites\/23\/2021\/12\/16389838847456.jpg\" class=\"attachment-post-thumbnail size-post-thumbnail wp-post-image\" alt=\"\" loading=\"lazy\" srcset=\"https:\/\/linitiative.ca\/International\/wp-content\/uploads\/sites\/23\/2021\/12\/16389838847456.jpg 1000w, https:\/\/www.journalducameroun.com\/wp-content\/uploads\/2021\/12\/16389838847456-300x155.jpg 300w, https:\/\/www.journalducameroun.com\/wp-content\/uploads\/2021\/12\/16389838847456-768x396.jpg 768w, https:\/\/www.journalducameroun.com\/wp-content\/uploads\/2021\/12\/16389838847456-853x440.jpg 853w, https:\/\/www.journalducameroun.com\/wp-content\/uploads\/2021\/12\/16389838847456-600x310.jpg 600w\" sizes=\"auto, (max-width: 1000px) 100vw, 1000px\"><\/p>\n<p>Sept Casques bleus de l&rsquo;Organisation des Nations unies (Onu) ont \u00e9t\u00e9 tu\u00e9s au centre du pays par un engin explosif.Ces soldats de la mission multidimensionnelle int\u00e9gr\u00e9e des Nations unies pour la stabilisation au Mali (Minusma) sont tomb\u00e9s ce mercredi sur un \u00ab engin improvis\u00e9 \u00bb qui a explos\u00e9 au passage de leur convoi a annonc\u00e9 la Mission de l&rsquo;Onu au Mali.\u00a0<\/p>\n<p>\u00ab Ce 8 d\u00e9cembre, un convoi logistique de la Force (Minusma) allant de Douentza \u00e0 S\u00e9var\u00e9 (centre) a heurt\u00e9 un engin explosif. Un premier bilan fait \u00e9tat de sept Casques bleus d\u00e9c\u00e9d\u00e9s et trois gri\u00e8vement bless\u00e9s \u00bb, a indiqu\u00e9 un communiqu\u00e9 de la Minusma sur Twitter, sans pr\u00e9ciser la nationalit\u00e9 des victimes.<\/p>\n<p>Le convoi avait quitt\u00e9 Douentza vers S\u00e9var\u00e9 dans la r\u00e9gion de Bandiagara indique le communiqu\u00e9 de la Minusma qui pr\u00e9cise que trois autres soldats ont \u00e9t\u00e9 gri\u00e8vement bless\u00e9s.<\/p>\n<p>Cet incident survient au lendemain du d\u00e9c\u00e8s d&rsquo;un Casque bleu \u00e9vacu\u00e9 il y a quelques jours \u00e0 Dakar. Ce dernier avait \u00e9t\u00e9 bless\u00e9 avec deux autres soldats dans l&rsquo;explosion d&rsquo;un engin explosif pr\u00e8s de Tessalit, dans le nord du Mali, le 22 novembre dernier.<\/p>\n<p>Cet article <a rel=\"nofollow\" href=\"https:\/\/www.journalducameroun.com\/mali-sept-casques-bleus-tues\/\">Mali : sept Casques bleus tu\u00e9s<\/a> est apparu en premier sur <a rel=\"nofollow\" href=\"https:\/\/www.journalducameroun.com\/\">Journal du Cameroun<\/a>.<\/p>\n<\/div>\n<p>Auteur: APA News<br \/>\n<a href=\"https:\/\/www.journalducameroun.com\/mali-sept-casques-bleus-tues\/\">Cliquez ici pour lire l&rsquo;article depuis sa source.<\/a><\/p>\n","protected":false},"excerpt":{"rendered":"<p>Sept Casques bleus de l&rsquo;Organisation des Nations unies (Onu) ont \u00e9t\u00e9 tu\u00e9s au centre du pays par un engin explosif.Ces soldats de la mission multidimensionnelle int\u00e9gr\u00e9e des Nations unies pour la stabilisation au Mali (Minusma) sont tomb\u00e9s ce mercredi sur un \u00ab engin improvis\u00e9 \u00bb qui a explos\u00e9 au passage de leur convoi a annonc\u00e9 [&hellip;]<\/p>\n","protected":false},"author":1965,"featured_media":0,"comment_status":"closed","ping_status":"closed","sticky":false,"template":"","format":"standard","meta":{"fifu_image_url":"https:\/\/www.journalducameroun.com\/wp-content\/uploads\/2021\/12\/16389838847456.jpg","fifu_image_alt":"Mali : sept Casques bleus tu\u00e9s","footnotes":""},"categories":[73,82],"tags":[],"class_list":["post-135252","post","type-post","status-publish","format-standard","hentry","category-actualite","category-cameroun"],"_links":{"self":[{"href":"https:\/\/linitiative.ca\/International\/wp-json\/wp\/v2\/posts\/135252","targetHints":{"allow":["GET"]}}],"collection":[{"href":"https:\/\/linitiative.ca\/International\/wp-json\/wp\/v2\/posts"}],"about":[{"href":"https:\/\/linitiative.ca\/International\/wp-json\/wp\/v2\/types\/post"}],"author":[{"embeddable":true,"href":"https:\/\/linitiative.ca\/International\/wp-json\/wp\/v2\/users\/1965"}],"replies":[{"embeddable":true,"href":"https:\/\/linitiative.ca\/International\/wp-json\/wp\/v2\/comments?post=135252"}],"version-history":[{"count":0,"href":"https:\/\/linitiative.ca\/International\/wp-json\/wp\/v2\/posts\/135252\/revisions"}],"wp:attachment":[{"href":"https:\/\/linitiative.ca\/International\/wp-json\/wp\/v2\/media?parent=135252"}],"wp:term":[{"taxonomy":"category","embeddable":true,"href":"https:\/\/linitiative.ca\/International\/wp-json\/wp\/v2\/categories?post=135252"},{"taxonomy":"post_tag","embeddable":true,"href":"https:\/\/linitiative.ca\/International\/wp-json\/wp\/v2\/tags?post=135252"}],"curies":[{"name":"wp","href":"https:\/\/api.w.org\/{rel}","templated":true}]}}