{"id":135254,"date":"2021-12-08T13:18:03","date_gmt":"2021-12-08T18:18:03","guid":{"rendered":"https:\/\/linitiative.ca\/International\/guinee-doumbouya-fait-le-menage-a-la-banque-centrale\/"},"modified":"2021-12-08T13:18:03","modified_gmt":"2021-12-08T18:18:03","slug":"guinee-doumbouya-fait-le-menage-a-la-banque-centrale","status":"publish","type":"post","link":"https:\/\/linitiative.ca\/International\/guinee-doumbouya-fait-le-menage-a-la-banque-centrale\/","title":{"rendered":"Guin\u00e9e : Doumbouya fait le m\u00e9nage \u00e0 la Banque centrale"},"content":{"rendered":"<div>\n<p><img decoding=\"async\" width=\"848\" height=\"463\" src=\"https:\/\/linitiative.ca\/International\/wp-content\/uploads\/sites\/23\/2021\/12\/16389874832779.jpg\" class=\"attachment-post-thumbnail size-post-thumbnail wp-post-image\" alt=\"\" loading=\"lazy\" srcset=\"https:\/\/linitiative.ca\/International\/wp-content\/uploads\/sites\/23\/2021\/12\/16389874832779.jpg 848w, https:\/\/www.journalducameroun.com\/wp-content\/uploads\/2021\/12\/16389874832779-300x164.jpg 300w, https:\/\/www.journalducameroun.com\/wp-content\/uploads\/2021\/12\/16389874832779-768x419.jpg 768w, https:\/\/www.journalducameroun.com\/wp-content\/uploads\/2021\/12\/16389874832779-806x440.jpg 806w, https:\/\/www.journalducameroun.com\/wp-content\/uploads\/2021\/12\/16389874832779-600x328.jpg 600w\" sizes=\"auto, (max-width: 848px) 100vw, 848px\"><\/p>\n<p>Le chef de l&rsquo;Etat guin\u00e9en Mamadi Doumbouya, a limog\u00e9 le gouverneur de la Banque centrale guin\u00e9enne ainsi que les deux vice-gouverneurs.Le nouveau r\u00e9gime militaire veut se d\u00e9barrasser des vestiges de l&rsquo;ancien r\u00e9gime. Le colonel Doumbouya qui a pris les r\u00eanes de la Guin\u00e9e apr\u00e8s avoir renvers\u00e9 Alpha Cond\u00e9 le 5 septembre 2021, vient de nommer Karamo Kaba, un jeune \u00e9conomiste \u00e0 la t\u00eate de la Banque centrale guin\u00e9enne (BCRG). Il remplace l&rsquo;inamovible Laounceny Kaba qui dirigeait cette institution depuis dix ans.<\/p>\n<p>Ba\u00efdy Aribot et Madjou Sow, les deux vice-gouverneurs sont aussi \u00e9ject\u00e9s et remplac\u00e9s respectivement par Mohamed Lamine, pr\u00e9c\u00e9demment directeur g\u00e9n\u00e9ral de la supervision au sein de la Banque centrale et Madame Souadou Bald\u00e9, chef de service des \u00e9tablissements de cr\u00e9dit de l&rsquo;institution.<\/p>\n<p>Le d\u00e9sormais ex-gouverneur de la BCRG a bien essay\u00e9 de gagner la confiance des militaires. D\u00e8s les premiers jours du putsch, il avait d\u00e9cid\u00e9 de geler les comptes des services publics et des anciens collaborateurs d&rsquo;Alpha Cond\u00e9 sur demande de Doumbouya. Mais l&rsquo;usure du poste et sa proximit\u00e9 avec le r\u00e9gime d\u00e9chu de Cond\u00e9 lui vaut s\u00fbrement son limogeage.<\/p>\n<p>Mamadi Doumbouya continue ainsi d&rsquo;imprimer sa patte dans la gestion des \u00e9tablissements publics de l&rsquo;Etat. Le nouvel homme fort de Conakry qui pr\u00f4ne une gestion transparente dans les affaires publiques, a r\u00e9cemment mis en place la Cour de r\u00e9pression des infractions \u00e9conomiques et financi\u00e8res (CRIEF) dont la mission est de lutter contre la d\u00e9linquance financi\u00e8re, notamment les d\u00e9tournements de deniers publics.<\/p>\n<p>Cet article <a rel=\"nofollow\" href=\"https:\/\/www.journalducameroun.com\/guinee-doumbouya-fait-le-menage-a-la-banque-centrale\/\">Guin\u00e9e : Doumbouya fait le m\u00e9nage \u00e0 la Banque centrale<\/a> est apparu en premier sur <a rel=\"nofollow\" href=\"https:\/\/www.journalducameroun.com\/\">Journal du Cameroun<\/a>.<\/p>\n<\/div>\n<p>Auteur: APA News<br \/>\n<a href=\"https:\/\/www.journalducameroun.com\/guinee-doumbouya-fait-le-menage-a-la-banque-centrale\/\">Cliquez ici pour lire l&rsquo;article depuis sa source.<\/a><\/p>\n","protected":false},"excerpt":{"rendered":"<p>Le chef de l&rsquo;Etat guin\u00e9en Mamadi Doumbouya, a limog\u00e9 le gouverneur de la Banque centrale guin\u00e9enne ainsi que les deux vice-gouverneurs.Le nouveau r\u00e9gime militaire veut se d\u00e9barrasser des vestiges de l&rsquo;ancien r\u00e9gime. Le colonel Doumbouya qui a pris les r\u00eanes de la Guin\u00e9e apr\u00e8s avoir renvers\u00e9 Alpha Cond\u00e9 le 5 septembre 2021, vient de nommer [&hellip;]<\/p>\n","protected":false},"author":1965,"featured_media":0,"comment_status":"closed","ping_status":"closed","sticky":false,"template":"","format":"standard","meta":{"fifu_image_url":"https:\/\/www.journalducameroun.com\/wp-content\/uploads\/2021\/12\/16389874832779.jpg","fifu_image_alt":"Guin\u00e9e : Doumbouya fait le m\u00e9nage \u00e0 la Banque centrale","footnotes":""},"categories":[73,82],"tags":[],"class_list":["post-135254","post","type-post","status-publish","format-standard","hentry","category-actualite","category-cameroun"],"_links":{"self":[{"href":"https:\/\/linitiative.ca\/International\/wp-json\/wp\/v2\/posts\/135254","targetHints":{"allow":["GET"]}}],"collection":[{"href":"https:\/\/linitiative.ca\/International\/wp-json\/wp\/v2\/posts"}],"about":[{"href":"https:\/\/linitiative.ca\/International\/wp-json\/wp\/v2\/types\/post"}],"author":[{"embeddable":true,"href":"https:\/\/linitiative.ca\/International\/wp-json\/wp\/v2\/users\/1965"}],"replies":[{"embeddable":true,"href":"https:\/\/linitiative.ca\/International\/wp-json\/wp\/v2\/comments?post=135254"}],"version-history":[{"count":0,"href":"https:\/\/linitiative.ca\/International\/wp-json\/wp\/v2\/posts\/135254\/revisions"}],"wp:attachment":[{"href":"https:\/\/linitiative.ca\/International\/wp-json\/wp\/v2\/media?parent=135254"}],"wp:term":[{"taxonomy":"category","embeddable":true,"href":"https:\/\/linitiative.ca\/International\/wp-json\/wp\/v2\/categories?post=135254"},{"taxonomy":"post_tag","embeddable":true,"href":"https:\/\/linitiative.ca\/International\/wp-json\/wp\/v2\/tags?post=135254"}],"curies":[{"name":"wp","href":"https:\/\/api.w.org\/{rel}","templated":true}]}}