{"id":135284,"date":"2021-12-08T13:00:00","date_gmt":"2021-12-08T18:00:00","guid":{"rendered":"https:\/\/linitiative.ca\/International\/ouverture-des-journees-theatrales-de-carthage-2021\/"},"modified":"2021-12-08T13:00:00","modified_gmt":"2021-12-08T18:00:00","slug":"ouverture-des-journees-theatrales-de-carthage-2021","status":"publish","type":"post","link":"https:\/\/linitiative.ca\/International\/ouverture-des-journees-theatrales-de-carthage-2021\/","title":{"rendered":"Ouverture des Journ\u00e9es Th\u00e9\u00e2trales de Carthage 2021"},"content":{"rendered":"<div>\n<p class=\"has-text-align-center has-text-color\" style=\"color:#9533f1\"><strong>Avec la participation de 24 pays dont le Maroc<\/strong><\/p>\n<p class=\"has-text-align-left has-black-color has-text-color\"><strong>Les 22\u00e8mes Journ\u00e9es Th\u00e9\u00e2trales de Carthage (JTC) se sont ouvertes samedi en nocturne \u00e0 Tunis avec la participation de 24 pays pays.<br \/>S\u2019exprimant \u00e0 l\u2019ouverture des journ\u00e9es, la ministre tunisienne des Affaires Culturelles, Hayet Ketat Guermazi, a rappel\u00e9 la reprise de cette nouvelle \u00e9dition apr\u00e8s deux ans d\u2019absence.<br \/>Elle a estim\u00e9 que les JTC \u00ab\u00a0t\u00e9moignent de notre besoin vital pour le th\u00e9\u00e2tre, un art o\u00f9 cohabitent en harmonie toutes les expressions cr\u00e9atives, du texte jusqu\u2019\u00e0 la mise en sc\u00e8ne\u00a0\u00bb.<br \/>La reprise de ce rendez-vous annuel constitue, depuis sa cr\u00e9ation, une \u00e9tape marquante dans l\u2019histoire du th\u00e9\u00e2tre arabe et africain\u00a0\u00bb, a encore dit la responsable.<\/strong><\/p>\n<p class=\"has-text-align-left has-black-color has-text-color\">Selon elle, les JTC sont une v\u00e9ritable escale et une plateforme pour le dialogue et l\u2019\u00e9change entre cr\u00e9ateurs autour des questions d\u2019actualit\u00e9 en lien avec le th\u00e9\u00e2tre.<br \/>Lors de la c\u00e9r\u00e9monie d\u2019ouverture, un hommage a \u00e9t\u00e9 rendu \u00e0 plusieurs personnalit\u00e9s du secteur th\u00e9\u00e2tre arabe et africain dont les Tunisiens Lassaad Ben Abdallah, Abdelghani Ben Tara, Said El Hammi, Fatiha Mahdoui et Jamel Madani et des Egyptiens Ahmed Badir et Samiha Ayoub.<br \/>La 22e \u00e9dition des JTC, qui se tient cette ann\u00e9e avec la participation de 24 pays, sera meubl\u00e9e par 7 sections avec la programmation de 99 repr\u00e9sentations th\u00e9\u00e2trales dont 12 pi\u00e8ces en comp\u00e9tition officielles et 38 pi\u00e8ces hors comp\u00e9tition.<\/p>\n<p class=\"has-text-align-left has-black-color has-text-color\">Au menu de ces journ\u00e9es figurent 18 pi\u00e8ces arabes, 5 pi\u00e8ces africaines, 10 dans la section Th\u00e9\u00e2tre du monde, 14 dans la section Th\u00e9\u00e2tre de libert\u00e9, 3 dans la section \u00ab\u00a0Expressions th\u00e9\u00e2trales de l\u2019immigration\u00a0\u00bb, 16 dans la section Th\u00e9\u00e2tre d\u2019enfants, 10 dans la section Th\u00e9\u00e2tres amateurs outre des cr\u00e9ations des clubs de th\u00e9\u00e2tre et des maisons de culture.<\/p>\n<p class=\"has-text-align-left has-black-color has-text-color\">La pi\u00e8ce th\u00e9\u00e2trale marocaine \u00ab\u00a0CHA TA RRA : trois femmes\u2026 trois histoires\u00a0\u00bb du metteur en sc\u00e8ne Amine Nassour a \u00e9t\u00e9 retenue pour la comp\u00e9tition officielle de cette 22\u00e8me \u00e9dition des JTC, pr\u00e9vue du 4 au 12 d\u00e9cembre.<\/p>\n<p class=\"has-text-align-left has-black-color has-text-color\">D\u2019apr\u00e8s le directeur de la troupe Thafssioun, Fouad El Bannoudi, cette participation \u00e0 l\u2019international intervient apr\u00e8s la r\u00e9ussite qu\u2019a connue la pi\u00e8ce th\u00e9\u00e2trale \u00ab\u00a0CHA TA RRA\u00a0\u00bb qui raconte le v\u00e9cu de trois migrantes.<\/p>\n<p class=\"has-text-align-left has-black-color has-text-color\">Fruit des efforts d\u2019une \u00e9quipe compos\u00e9e de plus de 18 artistes hommes et femmes, cette \u0153uvre a vu le jour gr\u00e2ce \u00e0 un partenariat entre la troupe Thafssioun et le th\u00e9\u00e2tre Mohammed V de Rabat.<\/p>\n<p class=\"has-text-align-left has-black-color has-text-color\">Il s\u2019agit d\u2019un texte interpr\u00e9t\u00e9 notamment par les com\u00e9diennes, Kods Joundoul, Amal Ben Haddou et Cha\u00efmae Laalaoui.<br \/>Participent \u00e9galement \u00e0 la comp\u00e9tition officielle de cette manifestation, qui se poursuivra jusqu\u2019au 14 d\u00e9cembre les pi\u00e8ces th\u00e9\u00e2trales \u00ab\u00a0Conf\u00e9rence des oiseaux\u00a0\u00bb de Noufel Azara (Tunisie), de \u00ab\u00a0A \u00e0 Z\u00a0\u00bb d\u2019Aminata Yacine San\u00e9 (S\u00e9n\u00e9gal), \u00ab\u00a0Les cartes de l\u2019Afrique\u00a0\u00bb de Rouguiatou Camara (Guin\u00e9e), \u00ab\u00a0Immortels\u00a0\u00bb de Philippe Vincent (Burkina Faso), \u00ab\u00a0Paysage naturel\u00a0\u00bb de Dalel Fayadh (Jordanie), \u00ab\u00a0Section 0\u00a0\u00bb de Fekrat Salem (Irak), \u00ab\u00a0I m\u00e9dia\u00a0\u00bb de Souleymane Al-Bassam (Kowe\u00eft), \u00ab\u00a0Ah, Caramela !\u00a0\u00bb d\u2019Achref Ali (Egypte) et \u00ab\u00a0L\u2019histoire de Zahra\u00a0\u00bb de Raeda Ghazeleh (Palestine).<br \/>Pour Youssef Lachkham, directeur g\u00e9n\u00e9ral de l\u2019Etablissement national pour la promotion des festivals et des manifestations culturelles et artistiques (ENPFMCA), \u00ab\u00a0ces JCC demeurent un rendez-vous artistique renouvel\u00e9 avec le grand public et les invit\u00e9s de la Tunisie, ce qui soufflera une nouvelle dynamique au sein des salles de spectacles apr\u00e8s une absence impos\u00e9e par la pand\u00e9mie de la COVID-19\u00a0\u00bb.<br \/>Selon le comit\u00e9 directeur des JTC 2021, cette \u00e9dition sera marqu\u00e9e par un souffle nouveau, un d\u00e9sir fervent de cr\u00e9ation, de rencontres et d\u2019\u00e9change et signe un retour \u00e0 la vie dans les espaces culturels tunisiens et plus particuli\u00e8rement dans les th\u00e9\u00e2tres de Tunisie.<\/p>\n<p class=\"has-text-align-left has-black-color has-text-color\">En revenant, les Journ\u00e9es Th\u00e9\u00e2trales de Carthage reprennent leur r\u00f4le de plateforme de rencontres, de lieu de partage d\u2019une expression th\u00e9\u00e2trale libre, ind\u00e9pendante, r\u00e9sistante et de catalyseur pour une r\u00e9flexion autour d\u2019une dynamique th\u00e9\u00e2trale tunisienne, africaine, arabe et mondiale.<br \/>Depuis leur cr\u00e9ation en 1983, les JTC ont toujours \u00e9t\u00e9 un espace privil\u00e9gi\u00e9 de rencontres et d\u2019\u00e9changes entre les cr\u00e9ateurs et les amoureux du 4\u00e8me art.<br \/>Elles sont, \u00e9galement, une plateforme et un temps fort pour la d\u00e9couverte des exp\u00e9riences et propositions artistiques venant des pays arabes, de l\u2019Afrique et du reste du monde.<\/p>\n<p>L\u2019article <a rel=\"nofollow\" href=\"http:\/\/albayane.press.ma\/ouverture-des-journees-theatrales-de-carthage-2021.html\">Ouverture des Journ\u00e9es Th\u00e9\u00e2trales de Carthage 2021<\/a> est apparu en premier sur <a rel=\"nofollow\" href=\"http:\/\/albayane.press.ma\/\">ALBAYANE<\/a>.<\/p>\n<\/div>\n<p>Auteur: M&rsquo;hammed rahal<br \/>\n<a href=\"http:\/\/albayane.press.ma\/ouverture-des-journees-theatrales-de-carthage-2021.html\">Cliquez ici pour lire l&rsquo;article depuis sa source.<\/a><\/p>\n","protected":false},"excerpt":{"rendered":"<p>Avec la participation de 24 pays dont le Maroc Les 22\u00e8mes Journ\u00e9es Th\u00e9\u00e2trales de Carthage (JTC) se sont ouvertes samedi en nocturne \u00e0 Tunis avec la participation de 24 pays pays.S\u2019exprimant \u00e0 l\u2019ouverture des journ\u00e9es, la ministre tunisienne des Affaires Culturelles, Hayet Ketat Guermazi, a rappel\u00e9 la reprise de cette nouvelle \u00e9dition apr\u00e8s deux ans [&hellip;]<\/p>\n","protected":false},"author":1760,"featured_media":0,"comment_status":"closed","ping_status":"closed","sticky":false,"template":"","format":"standard","meta":{"fifu_image_url":"","fifu_image_alt":"","footnotes":""},"categories":[73,54],"tags":[],"class_list":["post-135284","post","type-post","status-publish","format-standard","hentry","category-actualite","category-maroc"],"_links":{"self":[{"href":"https:\/\/linitiative.ca\/International\/wp-json\/wp\/v2\/posts\/135284","targetHints":{"allow":["GET"]}}],"collection":[{"href":"https:\/\/linitiative.ca\/International\/wp-json\/wp\/v2\/posts"}],"about":[{"href":"https:\/\/linitiative.ca\/International\/wp-json\/wp\/v2\/types\/post"}],"author":[{"embeddable":true,"href":"https:\/\/linitiative.ca\/International\/wp-json\/wp\/v2\/users\/1760"}],"replies":[{"embeddable":true,"href":"https:\/\/linitiative.ca\/International\/wp-json\/wp\/v2\/comments?post=135284"}],"version-history":[{"count":0,"href":"https:\/\/linitiative.ca\/International\/wp-json\/wp\/v2\/posts\/135284\/revisions"}],"wp:attachment":[{"href":"https:\/\/linitiative.ca\/International\/wp-json\/wp\/v2\/media?parent=135284"}],"wp:term":[{"taxonomy":"category","embeddable":true,"href":"https:\/\/linitiative.ca\/International\/wp-json\/wp\/v2\/categories?post=135284"},{"taxonomy":"post_tag","embeddable":true,"href":"https:\/\/linitiative.ca\/International\/wp-json\/wp\/v2\/tags?post=135284"}],"curies":[{"name":"wp","href":"https:\/\/api.w.org\/{rel}","templated":true}]}}