{"id":135286,"date":"2021-12-09T09:19:00","date_gmt":"2021-12-09T14:19:00","guid":{"rendered":"https:\/\/linitiative.ca\/International\/le-trains-alger-tizi-ouzou-oued-aissi-limites-a-la-gare-dagha\/"},"modified":"2021-12-09T09:19:00","modified_gmt":"2021-12-09T14:19:00","slug":"le-trains-alger-tizi-ouzou-oued-aissi-limites-a-la-gare-dagha","status":"publish","type":"post","link":"https:\/\/linitiative.ca\/International\/le-trains-alger-tizi-ouzou-oued-aissi-limites-a-la-gare-dagha\/","title":{"rendered":"Le trains Alger-Tizi-Ouzou-Oued-Aissi limit\u00e9s \u00e0 la gare d&rsquo;Agha"},"content":{"rendered":"<div>La Soci\u00e9t\u00e9 nationale des transports ferroviaires (SNTF) a annonc\u00e9 jeudi que les trains circulant sur le tron\u00e7on de ligne Alger-Tizi-Ouzou-Oued-Aissi seront limit\u00e9s \u00e0 la gare d&rsquo;Agha \u00e0 compter du samedi prochain.<\/div>\n<p>Auteur:<br \/>\n<a href=\"https:\/\/www.liberte-algerie.com\/actualite\/le-trains-alger-tizi-ouzou-oued-aissi-limites-a-la-gare-dagha-369664\">Cliquez ici pour lire l&rsquo;article depuis sa source.<\/a><\/p>\n","protected":false},"excerpt":{"rendered":"<p>La Soci\u00e9t\u00e9 nationale des transports ferroviaires (SNTF) a annonc\u00e9 jeudi que les trains circulant sur le tron\u00e7on de ligne Alger-Tizi-Ouzou-Oued-Aissi seront limit\u00e9s \u00e0 la gare d&rsquo;Agha \u00e0 compter du samedi prochain. Auteur: Cliquez ici pour lire l&rsquo;article depuis sa source.<\/p>\n","protected":false},"author":1742,"featured_media":0,"comment_status":"closed","ping_status":"closed","sticky":false,"template":"","format":"standard","meta":{"fifu_image_url":"","fifu_image_alt":"","footnotes":""},"categories":[73,53],"tags":[],"class_list":["post-135286","post","type-post","status-publish","format-standard","hentry","category-actualite","category-algerie"],"_links":{"self":[{"href":"https:\/\/linitiative.ca\/International\/wp-json\/wp\/v2\/posts\/135286","targetHints":{"allow":["GET"]}}],"collection":[{"href":"https:\/\/linitiative.ca\/International\/wp-json\/wp\/v2\/posts"}],"about":[{"href":"https:\/\/linitiative.ca\/International\/wp-json\/wp\/v2\/types\/post"}],"author":[{"embeddable":true,"href":"https:\/\/linitiative.ca\/International\/wp-json\/wp\/v2\/users\/1742"}],"replies":[{"embeddable":true,"href":"https:\/\/linitiative.ca\/International\/wp-json\/wp\/v2\/comments?post=135286"}],"version-history":[{"count":0,"href":"https:\/\/linitiative.ca\/International\/wp-json\/wp\/v2\/posts\/135286\/revisions"}],"wp:attachment":[{"href":"https:\/\/linitiative.ca\/International\/wp-json\/wp\/v2\/media?parent=135286"}],"wp:term":[{"taxonomy":"category","embeddable":true,"href":"https:\/\/linitiative.ca\/International\/wp-json\/wp\/v2\/categories?post=135286"},{"taxonomy":"post_tag","embeddable":true,"href":"https:\/\/linitiative.ca\/International\/wp-json\/wp\/v2\/tags?post=135286"}],"curies":[{"name":"wp","href":"https:\/\/api.w.org\/{rel}","templated":true}]}}