{"id":135298,"date":"2021-12-09T12:41:59","date_gmt":"2021-12-09T17:41:59","guid":{"rendered":"https:\/\/linitiative.ca\/International\/colloque-sur-la-pollution-atmospherique-et-developpement-economique\/"},"modified":"2021-12-09T12:41:59","modified_gmt":"2021-12-09T17:41:59","slug":"colloque-sur-la-pollution-atmospherique-et-developpement-economique","status":"publish","type":"post","link":"https:\/\/linitiative.ca\/International\/colloque-sur-la-pollution-atmospherique-et-developpement-economique\/","title":{"rendered":"Colloque sur la pollution atmosph\u00e9rique et d\u00e9veloppement \u00e9conomique"},"content":{"rendered":"<div>\n<div style=\"margin-bottom:20px;\"><img loading=\"lazy\" decoding=\"async\" width=\"750\" height=\"430\" src=\"https:\/\/linitiative.ca\/International\/wp-content\/uploads\/sites\/23\/2021\/12\/logo-encg-750C397430-.jpg\" class=\"attachment-post-thumbnail size-post-thumbnail wp-post-image\" alt=\"\" srcset=\"https:\/\/linitiative.ca\/International\/wp-content\/uploads\/sites\/23\/2021\/12\/logo-encg-750C397430-.jpg 750w, https:\/\/www.mapoujda.ma\/map\/uploads\/2021\/10\/logo-encg-750\u00d7430--300x172.jpg 300w\" sizes=\"auto, (max-width: 750px) 100vw, 750px\"><\/div>\n<p style=\"text-align: justify;\">L\u2019Ecole nationale de commerce et de gestion (ENCG) d\u2019Oujda a organis\u00e9 r\u00e9cemment un colloque international sur le th\u00e8me \u00abPollution atmosph\u00e9rique et d\u00e9veloppement \u00e9conomique : \u00c9tat des lieux et enjeux\u00bb.<\/p>\n<p style=\"text-align: justify;\">Cette rencontre, organis\u00e9e \u00e0 l\u2019initiative du Laboratoire de recherche en management territorial, int\u00e9gr\u00e9 et fonctionnel (LARMATIF), a d\u00e9battu de plusieurs questions li\u00e9es \u00e0 l\u2019\u00e9conomie verte et la transition \u00e9nerg\u00e9tique, notamment les efforts du Maroc visant \u00e0 r\u00e9duire sa d\u00e9pendance \u00e9nerg\u00e9tique vis-\u00e0-vis de l\u2019\u00e9tranger et pr\u00e9server l\u2019environnement.<\/p>\n<p style=\"text-align: justify;\">Les participants ont abord\u00e9 plusieurs th\u00e9matiques, dont le cadre juridique national et international de la protection de l\u2019environnement, le d\u00e9veloppement durable et la transition \u00e9nerg\u00e9tique, les m\u00e9canismes d\u2019adaptation et d\u2019att\u00e9nuation des effets du changement climatique dans les villes et les probl\u00e8mes de la consommation \u00e9nerg\u00e9tique des villes.<\/p>\n<p style=\"text-align: justify;\">La dynamique concurrentielle des \u00e9nergies renouvelables au Maroc, l\u2019\u00e9ducation environnementale et les initiatives num\u00e9riques citoyennes en mati\u00e8re de transition \u00e9cologique ont \u00e9galement fait partie des sujets trait\u00e9s lors de cette rencontre.<\/p>\n<p>L\u2019article <a rel=\"nofollow\" href=\"https:\/\/www.mapoujda.ma\/fr\/colloque-sur-la-pollution-atmospherique-et-developpement-economique\/\">Colloque sur la pollution atmosph\u00e9rique et d\u00e9veloppement \u00e9conomique<\/a> est apparu en premier sur <a rel=\"nofollow\" href=\"https:\/\/www.mapoujda.ma\/fr\">MapOujda<\/a>.<\/p>\n<\/div>\n<p>Auteur: Soufiane ELAHMAR<br \/>\n<a href=\"https:\/\/www.mapoujda.ma\/fr\/colloque-sur-la-pollution-atmospherique-et-developpement-economique\/\">Cliquez ici pour lire l&rsquo;article depuis sa source.<\/a><\/p>\n","protected":false},"excerpt":{"rendered":"<p>L\u2019Ecole nationale de commerce et de gestion (ENCG) d\u2019Oujda a organis\u00e9 r\u00e9cemment un colloque international sur le th\u00e8me \u00abPollution atmosph\u00e9rique et d\u00e9veloppement \u00e9conomique : \u00c9tat des lieux et enjeux\u00bb. Cette rencontre, organis\u00e9e \u00e0 l\u2019initiative du Laboratoire de recherche en management territorial, int\u00e9gr\u00e9 et fonctionnel (LARMATIF), a d\u00e9battu de plusieurs questions li\u00e9es \u00e0 l\u2019\u00e9conomie verte et [&hellip;]<\/p>\n","protected":false},"author":1788,"featured_media":0,"comment_status":"closed","ping_status":"closed","sticky":false,"template":"","format":"standard","meta":{"fifu_image_url":"https:\/\/www.mapoujda.ma\/map\/uploads\/2021\/10\/logo-encg-750\u00d7430-.jpg","fifu_image_alt":"Colloque sur la pollution atmosph\u00e9rique et d\u00e9veloppement \u00e9conomique","footnotes":""},"categories":[54,76],"tags":[],"class_list":["post-135298","post","type-post","status-publish","format-standard","hentry","category-maroc","category-regions"],"_links":{"self":[{"href":"https:\/\/linitiative.ca\/International\/wp-json\/wp\/v2\/posts\/135298","targetHints":{"allow":["GET"]}}],"collection":[{"href":"https:\/\/linitiative.ca\/International\/wp-json\/wp\/v2\/posts"}],"about":[{"href":"https:\/\/linitiative.ca\/International\/wp-json\/wp\/v2\/types\/post"}],"author":[{"embeddable":true,"href":"https:\/\/linitiative.ca\/International\/wp-json\/wp\/v2\/users\/1788"}],"replies":[{"embeddable":true,"href":"https:\/\/linitiative.ca\/International\/wp-json\/wp\/v2\/comments?post=135298"}],"version-history":[{"count":0,"href":"https:\/\/linitiative.ca\/International\/wp-json\/wp\/v2\/posts\/135298\/revisions"}],"wp:attachment":[{"href":"https:\/\/linitiative.ca\/International\/wp-json\/wp\/v2\/media?parent=135298"}],"wp:term":[{"taxonomy":"category","embeddable":true,"href":"https:\/\/linitiative.ca\/International\/wp-json\/wp\/v2\/categories?post=135298"},{"taxonomy":"post_tag","embeddable":true,"href":"https:\/\/linitiative.ca\/International\/wp-json\/wp\/v2\/tags?post=135298"}],"curies":[{"name":"wp","href":"https:\/\/api.w.org\/{rel}","templated":true}]}}