{"id":135324,"date":"2021-12-09T10:40:00","date_gmt":"2021-12-09T15:40:00","guid":{"rendered":"https:\/\/linitiative.ca\/International\/proparco-et-luib-renforcent-leur-soutien-aux-entrepreneurs-tunisiens-affectes-par-la-crise\/"},"modified":"2021-12-09T10:40:00","modified_gmt":"2021-12-09T15:40:00","slug":"proparco-et-luib-renforcent-leur-soutien-aux-entrepreneurs-tunisiens-affectes-par-la-crise","status":"publish","type":"post","link":"https:\/\/linitiative.ca\/International\/proparco-et-luib-renforcent-leur-soutien-aux-entrepreneurs-tunisiens-affectes-par-la-crise\/","title":{"rendered":"PROPARCO et l\u2019UIB renforcent leur soutien aux entrepreneurs tunisiens affectes par la crise"},"content":{"rendered":"<div><img decoding=\"async\" src=\"https:\/\/linitiative.ca\/International\/wp-content\/uploads\/sites\/23\/2021\/12\/1639061005_article.jpg\" alt=\"PROPARCO et l\u2019UIB renforcent leur soutien aux entrepreneurs tunisiens affectes par la crise \" align=\"left\">En accordant une garantie exceptionnelle d\u2019un million d\u2019euros \u00e0 l\u2019Union Internationale des Banques, Proparco confirme la force de son partenariat avec cet acteur cl\u00e9 du d\u00e9veloppement \u00e9conomique en Tunisie. Ce soutien s\u2019inscrit dans le cadre de l\u2019initiative fran\u00e7aise Choose Africa de soutien aux start-up, TPE et PME en Afrique.<br \/>\nCr\u00e9\u00e9e en 1964, l&rsquo;Union Internationale de Banques (UIB) est aujourd\u2019hui l&rsquo;une des principales banques priv\u00e9es de Tunisie, membre du Groupe Soci\u00e9t\u00e9 G\u00e9n\u00e9rale. Elle se distingue par son engagement aupr\u00e8s des TPE et PME, qui se traduit notamment par la mise en place de produits financiers d\u00e9di\u00e9s.<br \/>\nLe Groupe AFD soutient cet engagement depuis &#8230;<\/p>\n<\/div>\n<p>Auteur:<br \/>\n<a href=\"https:\/\/www.leaders.com.tn\/article\/32741-proparco-et-l-uib-renforcent-leur-soutien-aux-entrepreneurs-tunisiens-affectes-par-la-crise\">Cliquez ici pour lire l&rsquo;article depuis sa source.<\/a><\/p>\n","protected":false},"excerpt":{"rendered":"<p>En accordant une garantie exceptionnelle d\u2019un million d\u2019euros \u00e0 l\u2019Union Internationale des Banques, Proparco confirme la force de son partenariat avec cet acteur cl\u00e9 du d\u00e9veloppement \u00e9conomique en Tunisie. Ce soutien s\u2019inscrit dans le cadre de l\u2019initiative fran\u00e7aise Choose Africa de soutien aux start-up, TPE et PME en Afrique. Cr\u00e9\u00e9e en 1964, l&rsquo;Union Internationale de [&hellip;]<\/p>\n","protected":false},"author":1772,"featured_media":0,"comment_status":"closed","ping_status":"closed","sticky":false,"template":"","format":"standard","meta":{"fifu_image_url":"http:\/\/www.leaders.com.tn\/uploads\/content\/thumbnails_small\/1639061005_article.jpg","fifu_image_alt":"PROPARCO et l\u2019UIB renforcent leur soutien aux entrepreneurs tunisiens affectes par la crise","footnotes":""},"categories":[73,55],"tags":[],"class_list":["post-135324","post","type-post","status-publish","format-standard","hentry","category-actualite","category-tunisie"],"_links":{"self":[{"href":"https:\/\/linitiative.ca\/International\/wp-json\/wp\/v2\/posts\/135324","targetHints":{"allow":["GET"]}}],"collection":[{"href":"https:\/\/linitiative.ca\/International\/wp-json\/wp\/v2\/posts"}],"about":[{"href":"https:\/\/linitiative.ca\/International\/wp-json\/wp\/v2\/types\/post"}],"author":[{"embeddable":true,"href":"https:\/\/linitiative.ca\/International\/wp-json\/wp\/v2\/users\/1772"}],"replies":[{"embeddable":true,"href":"https:\/\/linitiative.ca\/International\/wp-json\/wp\/v2\/comments?post=135324"}],"version-history":[{"count":0,"href":"https:\/\/linitiative.ca\/International\/wp-json\/wp\/v2\/posts\/135324\/revisions"}],"wp:attachment":[{"href":"https:\/\/linitiative.ca\/International\/wp-json\/wp\/v2\/media?parent=135324"}],"wp:term":[{"taxonomy":"category","embeddable":true,"href":"https:\/\/linitiative.ca\/International\/wp-json\/wp\/v2\/categories?post=135324"},{"taxonomy":"post_tag","embeddable":true,"href":"https:\/\/linitiative.ca\/International\/wp-json\/wp\/v2\/tags?post=135324"}],"curies":[{"name":"wp","href":"https:\/\/api.w.org\/{rel}","templated":true}]}}