{"id":135370,"date":"2021-12-09T07:59:53","date_gmt":"2021-12-09T12:59:53","guid":{"rendered":"https:\/\/linitiative.ca\/International\/conseil-regional-de-louest-28-du-budget-recouvre-en-2021\/"},"modified":"2021-12-09T07:59:53","modified_gmt":"2021-12-09T12:59:53","slug":"conseil-regional-de-louest-28-du-budget-recouvre-en-2021","status":"publish","type":"post","link":"https:\/\/linitiative.ca\/International\/conseil-regional-de-louest-28-du-budget-recouvre-en-2021\/","title":{"rendered":"Conseil r\u00e9gional de l\u2019Ouest : 28% du budget recouvr\u00e9 en 2021"},"content":{"rendered":"<div>\n<p>De la dotation budg\u00e9taire allou\u00e9e aux Conseils r\u00e9gionaux d\u2019une enveloppe globale de plus de deux milliards de francs, seul 28% a \u00e9t\u00e9 mobilis\u00e9 \u00e0 l\u2019Ouest \u00e0 la cl\u00f4ture de l\u2019exercice 2021. Cette r\u00e9v\u00e9lation a \u00e9t\u00e9 faite par le pr\u00e9sident de ce Conseil lors des travaux de la 3\u00e8me session ordinaire du Conseil r\u00e9gional de l\u2019Ouest consacr\u00e9e \u00e0 l\u2019examen, \u00e0 l\u2019amendement et \u00e0 l\u2019adoption de certaines d\u00e9lib\u00e9rations, tenus du 29 au 30 novembre 2021 \u00e0 Bafoussam. Ce r\u00e9sultat enregistr\u00e9 trouve une justification selon les d\u00e9clarations du Dr Jules Hilaire Focka Focka, pr\u00e9sident du Conseil r\u00e9gional de l\u2019Ouest. Il a fond\u00e9 son argumentaire sur de nombreuses crises qui s\u00e9vissent dans notre pays. Cependant, il d\u00e9plore cette r\u00e9alit\u00e9 qui dit-il, l\u2019emp\u00eache de mieux se d\u00e9ployer sur le terrain dans un contexte marqu\u00e9 par la manifestation de nombreuses attentes des populations vis-\u00e0-vis de cette institution r\u00e9gionale.<\/p>\n<p><strong>Lire aussi <\/strong>: <a href=\"https:\/\/ecomatin.net\/commune-de-bangangte-10-milliards-pour-un-mini-barrage-hydroelectrique-de-5mw\/\"><strong>Bangangt\u00e9\u00a0: 10 milliards pour un mini barrage hydro\u00e9lectrique de 5MW<\/strong><\/a><\/p>\n<p>\u00ab Comme vous le savez, le Cameroun traverse une situation financi\u00e8re assez d\u00e9licate. Depuis quelques ann\u00e9es, il y a la guerre dans le septentrion avec Boko-Haram. Il y a aussi ce probl\u00e8me sociopolitique dans les r\u00e9gions du Nord-Ouest et du Sud-Ouest. Il y a \u00e9galement coronavirus. Voil\u00e0 trois gros \u00e9v\u00e9nements qui sont venus affecter terriblement le budget de l\u2019Etat. Ces r\u00e9alit\u00e9s font que tout ce qui a \u00e9t\u00e9 pr\u00e9vu ne pouvait pas \u00eatre r\u00e9gl\u00e9. Nous sommes conscients des difficult\u00e9s de l\u2019Etat mais nous sommes aussi emb\u00eat\u00e9 parce qu\u2019avec les r\u00e9gions, les gens attendent beaucoup de nous. Et nous aussi, nous avons besoin de ces moyens pour nous exprimer. Mais malheureusement, les moyens ne suivent pas. En date d\u2019aujourd\u2019hui (30 novembre 2021), ce qui a \u00e9t\u00e9 mobilis\u00e9, c\u2019est \u00e0 peine 28%. On nous a rassur\u00e9 que la suite viendra mais quand? C\u2019est la question que nous nous posons. Pour le moment, nous n\u2019allons pas croiser les bras. Nous allons travailler en cons\u00e9quence. Nous esp\u00e9rons que d\u2019ici l\u00e0, la situation pourra s\u2019am\u00e9liorer\u00bb, nourrit-il.<\/p>\n<p><strong>2,717 milliards de Fcfa en 2021<\/strong><\/p>\n<p>Cette dotation budg\u00e9taire de l\u2019Etat du Cameroun \u00e9tait principalement ax\u00e9e sur la mise en \u0153uvre des activit\u00e9s prioritaires de l\u2019ex\u00e9cutif en 2021. A cet effet, treize d\u00e9lib\u00e9rations avaient \u00e9t\u00e9 valid\u00e9es par l\u2019organe d\u00e9lib\u00e9rant, donnant ainsi quitus au pr\u00e9sident de mettre ce budget en \u0153uvre. Avec cette enveloppe budg\u00e9taire, le Conseil r\u00e9gional de l\u2019Ouest d\u00e9tenait ainsi une boussole pouvant lui permettre de se d\u00e9ployer en adoptant son premier budget par l\u2019organe d\u00e9lib\u00e9rant de cette Collectivit\u00e9 territoriale d\u00e9centralis\u00e9e. C\u2019\u00e9tait cours de la 2\u00e8me session du Conseil r\u00e9gional de l\u2019Ouest consacr\u00e9e au vote du budget de l\u2019exercice 2021, tenue les 26 au 28 mai 2021 \u00e0 Bafoussam sous la pr\u00e9sidence de son pr\u00e9sident. Apr\u00e8s la pr\u00e9sentation du projet de budget par le Dr Jules Hilaire Focka Focka, les travaux en commission avaient permis aux conseillers r\u00e9gionaux d\u2019examiner, d\u2019amender avant son adoption en pl\u00e9ni\u00e8re, en pr\u00e9sence du gouverneur, de la r\u00e9gion de l\u2019Ouest, repr\u00e9sentant de l\u2019Etat au Conseil. Augustine Awa Fonka avait \u00e0 l\u2019occasion invit\u00e9 l\u2019ex\u00e9cutif r\u00e9gional \u00e0 travailler en collaboration avec le maire de la ville de Bafoussam, les ex\u00e9cutifs communaux de l\u2019ensemble de cette unit\u00e9 administrative afin d\u2019\u00e9viter des conflits dans la programmation des projets \u00e0 r\u00e9aliser.<\/p>\n<p><strong>Lire aussi<\/strong> : <strong><a href=\"https:\/\/ecomatin.net\/une-panne-du-scanner-paralyse-le-service-dimagerie-medicale-de-lhopital-regional-de-bafoussam\/\">Une panne du scanner paralyse le service d\u2019imagerie m\u00e9dicale de l\u2019H\u00f4pital r\u00e9gional de Bafoussam<\/a><\/strong><\/p>\n<p>Ce budget de l\u2019ann\u00e9e 2021 avait \u00e9t\u00e9 soumis \u00e0 l\u2019appr\u00e9ciation et au vote par l\u2019organe d\u00e9lib\u00e9rant de la r\u00e9gion de l\u2019Ouest, conform\u00e9ment aux dispositions de la loi No2019\/024 du 24 d\u00e9cembre 2019 portant Code g\u00e9n\u00e9ral des Collectivit\u00e9s territoriales d\u00e9centralis\u00e9es, \u00e9tait \u00e9quilibr\u00e9 en recettes et en d\u00e9penses \u00e0 la somme de 2.717.600.000F. Les recettes du m\u00eame montant, constitu\u00e9es exclusivement de la subvention de fonctionnement de l\u2019Etat du Cameroun, octroy\u00e9e \u00e0 cette circonscription r\u00e9gionale par l\u2019Etat \u00e0 travers le minist\u00e8re de la D\u00e9centralisation et du d\u00e9veloppement local. Dans le chapitre des pr\u00e9visions, l\u2019enveloppe de fonctionnement \u00e9tait de 1.165.190.000F, soit 39,92% de l\u2019enveloppe globale. La somme de 157.450.000F \u00e9tait destin\u00e9e aux d\u00e9penses du personnel, soit 13,15%. L\u2019enveloppe destin\u00e9e \u00e0 l\u2019investissement et \u00e0 l\u2019\u00e9quipement \u00e9tait de 1.552.410.000F, soit 60,08%. Selon le rapport de la commission des finances, au finish, une somme 2.717.000.000F qui avait \u00e9t\u00e9 adopt\u00e9e pour l\u2019exercice 2021 dans la r\u00e9gion de l\u2019Ouest. Cette adoption avait connu une abstention de 29%.<\/p>\n<p><strong>Armel Djiogue<\/strong><\/p>\n<p>L\u2019article <a rel=\"nofollow\" href=\"https:\/\/ecomatin.net\/conseil-regional-de-louest-28-du-budget-recouvre-en-2021\/\">Conseil r\u00e9gional de l\u2019Ouest : 28% du budget recouvr\u00e9 en 2021<\/a> est apparu en premier sur <a rel=\"nofollow\" href=\"https:\/\/ecomatin.net\/\">EcoMatin<\/a>.<\/p>\n<\/div>\n<p>Auteur: EcoMatin<br \/>\n<a href=\"https:\/\/ecomatin.net\/conseil-regional-de-louest-28-du-budget-recouvre-en-2021\/\">Cliquez ici pour lire l&rsquo;article depuis sa source.<\/a><\/p>\n","protected":false},"excerpt":{"rendered":"<p>De la dotation budg\u00e9taire allou\u00e9e aux Conseils r\u00e9gionaux d\u2019une enveloppe globale de plus de deux milliards de francs, seul 28% a \u00e9t\u00e9 mobilis\u00e9 \u00e0 l\u2019Ouest \u00e0 la cl\u00f4ture de l\u2019exercice 2021. Cette r\u00e9v\u00e9lation a \u00e9t\u00e9 faite par le pr\u00e9sident de ce Conseil lors des travaux de la 3\u00e8me session ordinaire du Conseil r\u00e9gional de l\u2019Ouest [&hellip;]<\/p>\n","protected":false},"author":1969,"featured_media":0,"comment_status":"closed","ping_status":"closed","sticky":false,"template":"","format":"standard","meta":{"fifu_image_url":"","fifu_image_alt":"","footnotes":""},"categories":[82,78],"tags":[],"class_list":["post-135370","post","type-post","status-publish","format-standard","hentry","category-cameroun","category-economie"],"_links":{"self":[{"href":"https:\/\/linitiative.ca\/International\/wp-json\/wp\/v2\/posts\/135370","targetHints":{"allow":["GET"]}}],"collection":[{"href":"https:\/\/linitiative.ca\/International\/wp-json\/wp\/v2\/posts"}],"about":[{"href":"https:\/\/linitiative.ca\/International\/wp-json\/wp\/v2\/types\/post"}],"author":[{"embeddable":true,"href":"https:\/\/linitiative.ca\/International\/wp-json\/wp\/v2\/users\/1969"}],"replies":[{"embeddable":true,"href":"https:\/\/linitiative.ca\/International\/wp-json\/wp\/v2\/comments?post=135370"}],"version-history":[{"count":0,"href":"https:\/\/linitiative.ca\/International\/wp-json\/wp\/v2\/posts\/135370\/revisions"}],"wp:attachment":[{"href":"https:\/\/linitiative.ca\/International\/wp-json\/wp\/v2\/media?parent=135370"}],"wp:term":[{"taxonomy":"category","embeddable":true,"href":"https:\/\/linitiative.ca\/International\/wp-json\/wp\/v2\/categories?post=135370"},{"taxonomy":"post_tag","embeddable":true,"href":"https:\/\/linitiative.ca\/International\/wp-json\/wp\/v2\/tags?post=135370"}],"curies":[{"name":"wp","href":"https:\/\/api.w.org\/{rel}","templated":true}]}}