{"id":135372,"date":"2021-12-09T11:50:50","date_gmt":"2021-12-09T16:50:50","guid":{"rendered":"https:\/\/linitiative.ca\/International\/transport-aerien-camair-co-annonce-la-reprise-de-ses-vols-sur-libreville\/"},"modified":"2021-12-09T11:50:50","modified_gmt":"2021-12-09T16:50:50","slug":"transport-aerien-camair-co-annonce-la-reprise-de-ses-vols-sur-libreville","status":"publish","type":"post","link":"https:\/\/linitiative.ca\/International\/transport-aerien-camair-co-annonce-la-reprise-de-ses-vols-sur-libreville\/","title":{"rendered":"Transport a\u00e9rien: Camair-co annonce la reprise de ses vols sur Libreville"},"content":{"rendered":"<div>\n<p>A compter du 17 d\u00e9cembre prochain, la Cameroon Airlines Corporation (Camair Co) va reprendre sa desserte \u00e0 destination de Libreville, alors que celle-ci \u00e9tait suspendue il y\u2019a deux ans. \u00ab Camair-Co reprend les vols sur Libreville \u00e0 partir du 17 d\u00e9cembre 2021 \u00bb, a fait savoir la Cameroon Airlines Corporation dans un communiqu\u00e9 publi\u00e9 ce jeudi 9 d\u00e9cembre 2021. De bonne source l\u2019on apprend qu\u2019il sera question de deux vols par semaine vers Libreville, tous les lundis et vendredis. Avec un march\u00e9 interne contr\u00f4l\u00e9 \u00e0 45%, il va sans dire que la compagnie a\u00e9rienne nationale veut lancer son op\u00e9ration de charme \u00e0 destination de la sous-r\u00e9gion.<\/p>\n<p><strong>Lire aussi<\/strong> : <strong><a href=\"https:\/\/ecomatin.net\/transport-aerien-letat-veut-acquerir-deux-nouveaux-aeronefs-au-profit-de-camair-co\/\">Transport a\u00e9rien : l\u2019Etat veut acqu\u00e9rir deux nouveaux a\u00e9ronefs au profit de Camair-co<\/a><\/strong><\/p>\n<p>On comprend alors mieux pourquoi la Camair-co a acquis deux avions de type Q 400 Bombardier. \u00ab Les derniers r\u00e9glages sont en cours. Le branding prendra un certain temps. Mais la transaction a d\u00e9j\u00e0 \u00e9t\u00e9 n\u00e9goci\u00e9e \u00bb, renseignait l\u2019entreprise \u00e0 capitaux publics. N\u00e9anmoins, le plan de redressement de la Camair-co pr\u00e9voit effectivement parmi ses principaux points, la stabilisation et une reconstitution de sa flotte. Contrairement \u00e0 celui n\u00e9goci\u00e9 par leasing en mai 2018 par Ernest Dikoum, l\u2019ancien Directeur g\u00e9n\u00e9ral de la compagnie, les deux Q 400 attendus sont acquis en propri\u00e9t\u00e9 au profit de la Camair-co.<\/p>\n<p><strong>Lire aussi<\/strong> : <strong><a href=\"https:\/\/ecomatin.net\/transport-t-aerien-n-camair-co-refute-laugmentation-n-des-prix-sur-les-lignes-duu-septentrionn\/\">Transport a\u00e9rien : Camair-co r\u00e9fute l\u2019augmentation des prix sur les lignes du Septentrion<\/a><\/strong><\/p>\n<p>Depuis leur nomination le 19 janvier 2021, Jean Claude Ayem Mauger, le Pr\u00e9sident du conseil d\u2019administration de la Camair-co, Jean Christophe Ella Nguema, le Directeur g\u00e9n\u00e9ral, et Alexandre Fochive, Directeur g\u00e9n\u00e9ral adjoint de la Camair-co, d\u00e9voilent ainsi leurs ambitions par ce premier achat. Tournant important dans le redressement de la compagnie a\u00e9rienne camerounaise lanc\u00e9e dans un processus de privatisation conform\u00e9ment aux instructions du Pr\u00e9sident de la R\u00e9publique.<\/p>\n<p><strong>Lire aussi<\/strong> : <strong><a href=\"https:\/\/ecomatin.net\/camair-co-accorde-50-de-reduction-a-la-communaute-universitaire-de-dschang-sur-ses-vols-domestiques\/\">Camair-co accorde 50% de r\u00e9duction \u00e0 la communaut\u00e9 universitaire de Dschang sur ses vols domestiques<\/a><\/strong><\/p>\n<p>Rappelons que le 14 juillet 2020, une correspondance de Ferdinand Ngoh Ngoh, le ministre d\u2019Etat, Secr\u00e9taire g\u00e9n\u00e9ral de la Pr\u00e9sidence de la R\u00e9publique, adress\u00e9e au Premier Ministre Joseph Dion Ngute, \u2009le Chef de l\u2019Etat demande au Premier Ministre, Chef du gouvernement, d\u2019\u00e9laborer en urgence, en collaboration avec le Ministre des Transports, le ministre des Finances, le ministre du Travail et de la S\u00e9curit\u00e9 sociale, Camair-Co et la Ccaa (Cameroon civil aviation authority), un plan de restructuration, de relance et de d\u00e9veloppement de la compagnie, dans l\u2019optique d\u2019ouvrir son capital social \u00e0 hauteur de 51% \u00e0 un partenaire strat\u00e9gique priv\u00e9, conform\u00e9ment \u00e0 l\u2019article 5 du d\u00e9cret du 11 septembre 2006, portant cr\u00e9ation de la Camair-Co.<\/p>\n<p>L\u2019article <a rel=\"nofollow\" href=\"https:\/\/ecomatin.net\/transport-aerien-camair-co-annonce-la-reprise-de-ses-s-vols-sur-libreville\/\">Transport a\u00e9rien: Camair-co annonce la reprise de ses vols sur Libreville<\/a> est apparu en premier sur <a rel=\"nofollow\" href=\"https:\/\/ecomatin.net\/\">EcoMatin<\/a>.<\/p>\n<\/div>\n<p>Auteur: Amina MALLOUM<br \/>\n<a href=\"https:\/\/ecomatin.net\/transport-aerien-camair-co-annonce-la-reprise-de-ses-s-vols-sur-libreville\/\">Cliquez ici pour lire l&rsquo;article depuis sa source.<\/a><\/p>\n","protected":false},"excerpt":{"rendered":"<p>A compter du 17 d\u00e9cembre prochain, la Cameroon Airlines Corporation (Camair Co) va reprendre sa desserte \u00e0 destination de Libreville, alors que celle-ci \u00e9tait suspendue il y\u2019a deux ans. \u00ab Camair-Co reprend les vols sur Libreville \u00e0 partir du 17 d\u00e9cembre 2021 \u00bb, a fait savoir la Cameroon Airlines Corporation dans un communiqu\u00e9 publi\u00e9 ce [&hellip;]<\/p>\n","protected":false},"author":1969,"featured_media":0,"comment_status":"closed","ping_status":"closed","sticky":false,"template":"","format":"standard","meta":{"fifu_image_url":"","fifu_image_alt":"","footnotes":""},"categories":[82,78],"tags":[],"class_list":["post-135372","post","type-post","status-publish","format-standard","hentry","category-cameroun","category-economie"],"_links":{"self":[{"href":"https:\/\/linitiative.ca\/International\/wp-json\/wp\/v2\/posts\/135372","targetHints":{"allow":["GET"]}}],"collection":[{"href":"https:\/\/linitiative.ca\/International\/wp-json\/wp\/v2\/posts"}],"about":[{"href":"https:\/\/linitiative.ca\/International\/wp-json\/wp\/v2\/types\/post"}],"author":[{"embeddable":true,"href":"https:\/\/linitiative.ca\/International\/wp-json\/wp\/v2\/users\/1969"}],"replies":[{"embeddable":true,"href":"https:\/\/linitiative.ca\/International\/wp-json\/wp\/v2\/comments?post=135372"}],"version-history":[{"count":0,"href":"https:\/\/linitiative.ca\/International\/wp-json\/wp\/v2\/posts\/135372\/revisions"}],"wp:attachment":[{"href":"https:\/\/linitiative.ca\/International\/wp-json\/wp\/v2\/media?parent=135372"}],"wp:term":[{"taxonomy":"category","embeddable":true,"href":"https:\/\/linitiative.ca\/International\/wp-json\/wp\/v2\/categories?post=135372"},{"taxonomy":"post_tag","embeddable":true,"href":"https:\/\/linitiative.ca\/International\/wp-json\/wp\/v2\/tags?post=135372"}],"curies":[{"name":"wp","href":"https:\/\/api.w.org\/{rel}","templated":true}]}}