{"id":135374,"date":"2021-12-10T09:00:53","date_gmt":"2021-12-10T14:00:53","guid":{"rendered":"https:\/\/linitiative.ca\/International\/mazad-art-organise-sa-vente-aux-encheres-a-marrakech\/"},"modified":"2021-12-10T09:00:53","modified_gmt":"2021-12-10T14:00:53","slug":"mazad-art-organise-sa-vente-aux-encheres-a-marrakech","status":"publish","type":"post","link":"https:\/\/linitiative.ca\/International\/mazad-art-organise-sa-vente-aux-encheres-a-marrakech\/","title":{"rendered":"Mazad &amp; Art organise sa vente aux ench\u00e8res \u00e0 Marrakech"},"content":{"rendered":"<div>\n<p><img loading=\"lazy\" decoding=\"async\" width=\"300\" height=\"153\" src=\"https:\/\/linitiative.ca\/International\/wp-content\/uploads\/sites\/23\/2021\/12\/Mazad-Art-organise-sa-vente-aux-encheres-a-Marrakech-300x153-1.jpg\" class=\"attachment-medium size-medium wp-post-image\" alt=\"\" srcset=\"https:\/\/linitiative.ca\/International\/wp-content\/uploads\/sites\/23\/2021\/12\/Mazad-Art-organise-sa-vente-aux-encheres-a-Marrakech-300x153-1.jpg 300w, https:\/\/aujourdhui.ma\/wp-content\/uploads\/2021\/12\/Mazad-Art-organise-sa-vente-aux-encheres-a-Marrakech-274x140.jpg 274w, https:\/\/aujourdhui.ma\/wp-content\/uploads\/2021\/12\/Mazad-Art-organise-sa-vente-aux-encheres-a-Marrakech.jpg 746w, https:\/\/aujourdhui.ma\/wp-content\/uploads\/2021\/12\/Mazad-Art-organise-sa-vente-aux-encheres-a-Marrakech-165x84.jpg 165w, https:\/\/aujourdhui.ma\/wp-content\/uploads\/2021\/12\/Mazad-Art-organise-sa-vente-aux-encheres-a-Marrakech-702x358.jpg 702w\" sizes=\"auto, (max-width: 300px) 100vw, 300px\"><\/p>\n<p><span style=\"color: #800000; font-size: 19px;\"><strong>Elle propose une panoplie d\u2019oeuvres majeures<\/strong><\/span><span id=\"more-394739\"><\/span><\/p>\n<p>Avis aux amateurs d\u2019art et aux collectionneurs, la Maison d\u2019art tang\u00e9roise Mazad &amp; Art revient \u00e0 nouveau et organise sa vente aux ench\u00e8res d\u2019hiver \u00e0 Marrakech et ce le 29 d\u00e9cembre 2021. Lors de cet \u00e9v\u00e8nement, elle propose une panoplie d\u2019oeuvres riche et vari\u00e9e. Selon Mazad &amp; Art, la vente donne \u00e0 voir des formes d\u2019expressions et mouvements artistiques du 19\u00e8me si\u00e8cle \u00e0 nos jours incluant orientalisme, art moderne et contemporain, sculpture et photographie. A l\u2019affiche, des oeuvres orientalistes importantes comme deux oeuvres de Jacques Majorelle repr\u00e9sentant respectivement Rabat (rare) ou la Koutoubia de Marrakech.<\/p>\n<p><a href=\"https:\/\/linitiative.ca\/International\/wp-content\/uploads\/sites\/23\/2021\/12\/MAZAD-ART-VENTE-AUX-ENCHERES-29-DECEMBRE-2021-2-scaled-1.jpg\"><img loading=\"lazy\" decoding=\"async\" class=\"alignnone size-full wp-image-394743\" src=\"https:\/\/linitiative.ca\/International\/wp-content\/uploads\/sites\/23\/2021\/12\/MAZAD-ART-VENTE-AUX-ENCHERES-29-DECEMBRE-2021-2-scaled-1.jpg\" alt=\"\" width=\"1991\" height=\"2560\" srcset=\"https:\/\/linitiative.ca\/International\/wp-content\/uploads\/sites\/23\/2021\/12\/MAZAD-ART-VENTE-AUX-ENCHERES-29-DECEMBRE-2021-2-scaled-1.jpg 1991w, https:\/\/aujourdhui.ma\/wp-content\/uploads\/2021\/12\/MAZAD-ART-VENTE-AUX-ENCHERES-29-DECEMBRE-2021-2-233x300.jpg 233w, https:\/\/aujourdhui.ma\/wp-content\/uploads\/2021\/12\/MAZAD-ART-VENTE-AUX-ENCHERES-29-DECEMBRE-2021-2-797x1024.jpg 797w, https:\/\/aujourdhui.ma\/wp-content\/uploads\/2021\/12\/MAZAD-ART-VENTE-AUX-ENCHERES-29-DECEMBRE-2021-2-768x987.jpg 768w, https:\/\/aujourdhui.ma\/wp-content\/uploads\/2021\/12\/MAZAD-ART-VENTE-AUX-ENCHERES-29-DECEMBRE-2021-2-1195x1536.jpg 1195w, https:\/\/aujourdhui.ma\/wp-content\/uploads\/2021\/12\/MAZAD-ART-VENTE-AUX-ENCHERES-29-DECEMBRE-2021-2-1593x2048.jpg 1593w\" sizes=\"auto, (max-width: 1991px) 100vw, 1991px\"><\/a><\/p>\n<p>L\u2019artiste peintre Edy Legrand, grand amoureux du Maroc, y figure aussi avec plusieurs oeuvres et notamment \u00abEn attendant Ahouach\u00bb majestueuse en couleurs et en beaut\u00e9. On y trouve \u00e9galement deux oeuvres de Mariano Bertuchi, pr\u00e9sent dans le majestueux catalogue d\u00e9cembre 2021 avec \u00abCavalier arabe\u00bb et \u00abLa bataille de T\u00e9touan\u00bb (version ult\u00e9rieure \u00e0 celle de Mariano Fortuny qui tr\u00f4ne en bonne place dans un c\u00e9l\u00e8bre mus\u00e9e espagnol). Seront pr\u00e9sentes aussi des oeuvres des peintres orientalistes majeurs ayant repr\u00e9sent\u00e9 le Maroc ou l\u2019Afrique du Nord, comme Arthur. F. Bridgman, Adolf Schreyer, Boutet de Monvel ou Andr\u00e9 Sureda.<\/p>\n<p>Dans la partie art marocain, la vente propose une sculpture unique et rare de l\u2019artiste Mohamed Melehi et d\u2019autres oeuvres d\u2019artistes importants de la sc\u00e8ne artistique marocaine comme Mohamed Kacimi, Mohamed Hamidi, Ahmed El Yacoubi ou Jilali Gharbaoui. Selon la m\u00eame source, les sculptures trouvent une bonne place \u00e0 travers cette vacation, ainsi les collectionneurs et autres amateurs trouveront une s\u00e9lection de sculptures in\u00e9dites et particuli\u00e8rement celles de Mahi Binebine, de Yasmina Alaoui, ou de Marco Guerra. Fid\u00e8le \u00e0 ses \u00e9lans de coeur, Mazad et Art annonce par ailleurs qu\u2019elle d\u00e9die une partie de son catalogue \u00e0 une association caritative \u00abL\u2019Internat pour la scolarisation de la jeune fille rurale\u00bb.<\/p>\n<\/div>\n<p>Auteur: ALM<br \/>\n<a href=\"https:\/\/aujourdhui.ma\/culture\/mazad-art-organise-sa-vente-aux-encheres-a-marrakech-3\">Cliquez ici pour lire l&rsquo;article depuis sa source.<\/a><\/p>\n","protected":false},"excerpt":{"rendered":"<p>Elle propose une panoplie d\u2019oeuvres majeures Avis aux amateurs d\u2019art et aux collectionneurs, la Maison d\u2019art tang\u00e9roise Mazad &amp; Art revient \u00e0 nouveau et organise sa vente aux ench\u00e8res d\u2019hiver \u00e0 Marrakech et ce le 29 d\u00e9cembre 2021. Lors de cet \u00e9v\u00e8nement, elle propose une panoplie d\u2019oeuvres riche et vari\u00e9e. Selon Mazad &amp; Art, la [&hellip;]<\/p>\n","protected":false},"author":1759,"featured_media":0,"comment_status":"closed","ping_status":"closed","sticky":false,"template":"","format":"standard","meta":{"fifu_image_url":"https:\/\/aujourdhui.ma\/wp-content\/uploads\/2021\/12\/Mazad-Art-organise-sa-vente-aux-encheres-a-Marrakech-300x153.jpg","fifu_image_alt":"<div>Mazad & Art organise sa vente aux ench\u00e8res \u00e0 Marrakech<\/div>","footnotes":""},"categories":[73,54],"tags":[],"class_list":["post-135374","post","type-post","status-publish","format-standard","hentry","category-actualite","category-maroc"],"_links":{"self":[{"href":"https:\/\/linitiative.ca\/International\/wp-json\/wp\/v2\/posts\/135374","targetHints":{"allow":["GET"]}}],"collection":[{"href":"https:\/\/linitiative.ca\/International\/wp-json\/wp\/v2\/posts"}],"about":[{"href":"https:\/\/linitiative.ca\/International\/wp-json\/wp\/v2\/types\/post"}],"author":[{"embeddable":true,"href":"https:\/\/linitiative.ca\/International\/wp-json\/wp\/v2\/users\/1759"}],"replies":[{"embeddable":true,"href":"https:\/\/linitiative.ca\/International\/wp-json\/wp\/v2\/comments?post=135374"}],"version-history":[{"count":0,"href":"https:\/\/linitiative.ca\/International\/wp-json\/wp\/v2\/posts\/135374\/revisions"}],"wp:attachment":[{"href":"https:\/\/linitiative.ca\/International\/wp-json\/wp\/v2\/media?parent=135374"}],"wp:term":[{"taxonomy":"category","embeddable":true,"href":"https:\/\/linitiative.ca\/International\/wp-json\/wp\/v2\/categories?post=135374"},{"taxonomy":"post_tag","embeddable":true,"href":"https:\/\/linitiative.ca\/International\/wp-json\/wp\/v2\/tags?post=135374"}],"curies":[{"name":"wp","href":"https:\/\/api.w.org\/{rel}","templated":true}]}}