{"id":135385,"date":"2021-12-10T10:34:54","date_gmt":"2021-12-10T15:34:54","guid":{"rendered":"https:\/\/linitiative.ca\/International\/les-conclusions-de-lentretien-du-chef-du-gouvernement-avec-les-representants-du-fmi\/"},"modified":"2021-12-10T10:34:54","modified_gmt":"2021-12-10T15:34:54","slug":"les-conclusions-de-lentretien-du-chef-du-gouvernement-avec-les-representants-du-fmi","status":"publish","type":"post","link":"https:\/\/linitiative.ca\/International\/les-conclusions-de-lentretien-du-chef-du-gouvernement-avec-les-representants-du-fmi\/","title":{"rendered":"Les conclusions de l\u2019entretien du Chef du Gouvernement avec les repr\u00e9sentants du FMI"},"content":{"rendered":"<div>\n<p><img loading=\"lazy\" decoding=\"async\" width=\"300\" height=\"153\" src=\"https:\/\/linitiative.ca\/International\/wp-content\/uploads\/sites\/23\/2021\/12\/Aziz-Akhannouch-300x153-1.jpg\" class=\"attachment-medium size-medium wp-post-image\" alt=\"\" srcset=\"https:\/\/linitiative.ca\/International\/wp-content\/uploads\/sites\/23\/2021\/12\/Aziz-Akhannouch-300x153-1.jpg 300w, https:\/\/aujourdhui.ma\/wp-content\/uploads\/2021\/10\/Aziz-Akhannouch-274x140.jpg 274w, https:\/\/aujourdhui.ma\/wp-content\/uploads\/2021\/10\/Aziz-Akhannouch.jpg 746w, https:\/\/aujourdhui.ma\/wp-content\/uploads\/2021\/10\/Aziz-Akhannouch-165x84.jpg 165w, https:\/\/aujourdhui.ma\/wp-content\/uploads\/2021\/10\/Aziz-Akhannouch-702x358.jpg 702w\" sizes=\"auto, (max-width: 300px) 100vw, 300px\"><\/p>\n<p><span style=\"font-size: 20px; color: #800000;\"><strong>Un \u00e9v\u00e9nement tr\u00e8s attendu. Le Chef du Gouvernement s\u2019est entretenu, jeudi 9 d\u00e9cembre par visioconf\u00e9rence, avec les repr\u00e9sentants du Fonds Mon\u00e9taire International (FMI), en pr\u00e9sence du Minist\u00e8re de l\u2019\u00c9conomie et des Finances, repr\u00e9sent\u00e9 par la Direction du Tr\u00e9sor du Royaume.<\/strong><\/span><span id=\"more-394825\"><\/span><\/p>\n<p>Lors de cet entretien, les repr\u00e9sentants du FMI ont, en d\u00e9tail, pr\u00e9sent\u00e9 \u00ables conclusions de la mission portant sur l\u2019examen de l\u2019\u00e9volution de la situation \u00e9conomique au Maroc ainsi que les politiques \u00e9conomiques mises en \u0153uvre dans le cadre du programme gouvernemental \u00bb.<\/p>\n<p>De son c\u00f4t\u00e9, le Chef du Gouvernement a ensuite rappel\u00e9 que le Maroc vient de vivre un moment d\u00e9mocratique important marqu\u00e9 par une large participation aux \u00e9lections nationales et locales, au cours desquelles les citoyens ont exprim\u00e9 d\u2019importantes attentes et une grande volont\u00e9 de changement.<\/p>\n<p>\u00ab Sous le leadership de Sa Majest\u00e9 le Roi que Dieu l\u2019Assiste, l\u2019ex\u00e9cutif d\u00e9ploie une vision ambitieuse, r\u00e9pondant aux attentes exprim\u00e9es par les Marocains \u00bb, a d\u00e9clar\u00e9 le Chef du Gouvernement. Pour les cinq prochaines ann\u00e9es, le gouvernement se fixe, selon son Chef, comme \u00ab principales priorit\u00e9s la r\u00e9forme de la sant\u00e9 et de la protection sociale, de l\u2019\u00e9ducation, de la promotion de l\u2019emploi et de l\u2019administration \u00bb.<\/p>\n<p>Aussi, la stimulation de l\u2019investissement priv\u00e9, l\u2019incitation \u00e0 l\u2019entrepreneuriat, la restructuration des \u00e9tablissements publics sont autant de chantiers ouverts par le gouvernement pour engager la relance \u00e9conomique au lendemain de la crise sanitaire. \u00ab Ces engagements auront sans doute des effets vertueux sur la croissance, les \u00e9quilibres macro-\u00e9conomiques et en l\u2019occurrence la soutenabilit\u00e9 de la dette publique, a expliqu\u00e9 le Chef de l\u2019Ex\u00e9cutif\u00bb, ajoute le Chef du Gouvernement.<\/p>\n<\/div>\n<p>Auteur: ALM<br \/>\n<a href=\"https:\/\/aujourdhui.ma\/politique\/les-conclusions-de-lentretien-du-chef-du-gouvernement-avec-les-representants-du-fmi\">Cliquez ici pour lire l&rsquo;article depuis sa source.<\/a><\/p>\n","protected":false},"excerpt":{"rendered":"<p>Un \u00e9v\u00e9nement tr\u00e8s attendu. Le Chef du Gouvernement s\u2019est entretenu, jeudi 9 d\u00e9cembre par visioconf\u00e9rence, avec les repr\u00e9sentants du Fonds Mon\u00e9taire International (FMI), en pr\u00e9sence du Minist\u00e8re de l\u2019\u00c9conomie et des Finances, repr\u00e9sent\u00e9 par la Direction du Tr\u00e9sor du Royaume. Lors de cet entretien, les repr\u00e9sentants du FMI ont, en d\u00e9tail, pr\u00e9sent\u00e9 \u00ables conclusions de [&hellip;]<\/p>\n","protected":false},"author":1759,"featured_media":0,"comment_status":"closed","ping_status":"closed","sticky":false,"template":"","format":"standard","meta":{"fifu_image_url":"https:\/\/aujourdhui.ma\/wp-content\/uploads\/2021\/10\/Aziz-Akhannouch-300x153.jpg","fifu_image_alt":"Les conclusions de l\u2019entretien du Chef du Gouvernement avec les repr\u00e9sentants du FMI","footnotes":""},"categories":[73,54],"tags":[],"class_list":["post-135385","post","type-post","status-publish","format-standard","hentry","category-actualite","category-maroc"],"_links":{"self":[{"href":"https:\/\/linitiative.ca\/International\/wp-json\/wp\/v2\/posts\/135385","targetHints":{"allow":["GET"]}}],"collection":[{"href":"https:\/\/linitiative.ca\/International\/wp-json\/wp\/v2\/posts"}],"about":[{"href":"https:\/\/linitiative.ca\/International\/wp-json\/wp\/v2\/types\/post"}],"author":[{"embeddable":true,"href":"https:\/\/linitiative.ca\/International\/wp-json\/wp\/v2\/users\/1759"}],"replies":[{"embeddable":true,"href":"https:\/\/linitiative.ca\/International\/wp-json\/wp\/v2\/comments?post=135385"}],"version-history":[{"count":0,"href":"https:\/\/linitiative.ca\/International\/wp-json\/wp\/v2\/posts\/135385\/revisions"}],"wp:attachment":[{"href":"https:\/\/linitiative.ca\/International\/wp-json\/wp\/v2\/media?parent=135385"}],"wp:term":[{"taxonomy":"category","embeddable":true,"href":"https:\/\/linitiative.ca\/International\/wp-json\/wp\/v2\/categories?post=135385"},{"taxonomy":"post_tag","embeddable":true,"href":"https:\/\/linitiative.ca\/International\/wp-json\/wp\/v2\/tags?post=135385"}],"curies":[{"name":"wp","href":"https:\/\/api.w.org\/{rel}","templated":true}]}}