{"id":135400,"date":"2021-12-10T05:25:19","date_gmt":"2021-12-10T10:25:19","guid":{"rendered":"https:\/\/linitiative.ca\/International\/previsions-meteorologique-du-samedi-11-decembre-2021\/"},"modified":"2021-12-10T05:25:19","modified_gmt":"2021-12-10T10:25:19","slug":"previsions-meteorologique-du-samedi-11-decembre-2021","status":"publish","type":"post","link":"https:\/\/linitiative.ca\/International\/previsions-meteorologique-du-samedi-11-decembre-2021\/","title":{"rendered":"Pr\u00e9visions m\u00e9t\u00e9orologique du samedi 11 d\u00e9cembre 2021"},"content":{"rendered":"<div>\n<div style=\"margin-bottom:20px;\"><img loading=\"lazy\" decoding=\"async\" width=\"750\" height=\"430\" src=\"https:\/\/linitiative.ca\/International\/wp-content\/uploads\/sites\/23\/2021\/12\/soleil_mC3A9tC3A9o-3.jpg\" class=\"attachment-post-thumbnail size-post-thumbnail wp-post-image\" alt=\"\" srcset=\"https:\/\/linitiative.ca\/International\/wp-content\/uploads\/sites\/23\/2021\/12\/soleil_mC3A9tC3A9o-3.jpg 750w, https:\/\/www.mapmarrakech.ma\/map\/uploads\/2021\/12\/soleil_m\u00e9t\u00e9o-3-300x172.jpg 300w\" sizes=\"auto, (max-width: 750px) 100vw, 750px\"><\/div>\n<p>\u2013 Temps assez froid sur les reliefs, le sud-est et les hauts plateaux avec gel\u00e9e locale.<\/p>\n<p>\u2013 Formations brumeuses la matin\u00e9e et la nuit par endroits sur le nord de l\u2019oriental, les cotes nord et centre.<\/p>\n<p>\u2013 Ciel passag\u00e8rement nuageux sur le nord-ouest et clair a peu nuageux ailleurs.<\/p>\n<p>\u2013 Chasse-poussi\u00e8res sur les provinces sud.<\/p>\n<p>\u2013 Vent faible \u00e0 mod\u00e9r\u00e9 de secteur est sur les provinces sud et le sud-est et de secteur nord ailleurs.<\/p>\n<p>\u2013 Temp\u00e9ratures minimales de l\u2019ordre de -05\/02\u00b0c sur l\u2019atlas et le rif, 01\/07\u00b0c sur l\u2019oriental, le sud-est, le Saiss, les plateaux de phosphates et Oulmes, 07\/14\u00b0c sur la m\u00e9diterran\u00e9e, les cotes et les plaines nord et centre et le nord-est des provinces sud et de 13\/17\u00b0c sur le reste des provinces sahariennes.<\/p>\n<p>\u2013 Temp\u00e9ratures maximales de l\u2019ordre de 09\/15\u00b0c sur les reliefs, 14\/19\u00b0c sur la M\u00e9diterran\u00e9e, l\u2019oriental, le Tang\u00e9rois, le Saiss et les plaines atlantiques nord, 24\/29\u00b0c sur l\u2019int\u00e9rieur du Souss et le sud des provinces sud, et de 19\/23\u00b0c partout ailleurs.<\/p>\n<p>\u2013 Mer peu agit\u00e9e \u00e0 agit\u00e9e sur la M\u00e9diterran\u00e9e, le D\u00e9troit et au Nord de Larache ainsi qu\u2019agit\u00e9e \u00e0 forte au sud.<\/p>\n<p>The post <a rel=\"nofollow\" href=\"https:\/\/www.mapmarrakech.ma\/fr\/previsions-meteorologique-du-samedi-11-decembre-2021\/\">Pr\u00e9visions m\u00e9t\u00e9orologique du samedi 11 d\u00e9cembre 2021<\/a> appeared first on <a rel=\"nofollow\" href=\"https:\/\/www.mapmarrakech.ma\/fr\">MapMarrakech<\/a>.<\/p>\n<\/div>\n<p>Auteur: Meriem IGASS<br \/>\n<a href=\"https:\/\/www.mapmarrakech.ma\/fr\/previsions-meteorologique-du-samedi-11-decembre-2021\/\">Cliquez ici pour lire l&rsquo;article depuis sa source.<\/a><\/p>\n","protected":false},"excerpt":{"rendered":"<p>\u2013 Temps assez froid sur les reliefs, le sud-est et les hauts plateaux avec gel\u00e9e locale. \u2013 Formations brumeuses la matin\u00e9e et la nuit par endroits sur le nord de l\u2019oriental, les cotes nord et centre. \u2013 Ciel passag\u00e8rement nuageux sur le nord-ouest et clair a peu nuageux ailleurs. \u2013 Chasse-poussi\u00e8res sur les provinces sud. [&hellip;]<\/p>\n","protected":false},"author":1788,"featured_media":0,"comment_status":"closed","ping_status":"closed","sticky":false,"template":"","format":"standard","meta":{"fifu_image_url":"https:\/\/www.mapmarrakech.ma\/map\/uploads\/2021\/12\/soleil_m\u00e9t\u00e9o-3.jpg","fifu_image_alt":"Pr\u00e9visions m\u00e9t\u00e9orologique du samedi 11 d\u00e9cembre 2021","footnotes":""},"categories":[54,76],"tags":[],"class_list":["post-135400","post","type-post","status-publish","format-standard","hentry","category-maroc","category-regions"],"_links":{"self":[{"href":"https:\/\/linitiative.ca\/International\/wp-json\/wp\/v2\/posts\/135400","targetHints":{"allow":["GET"]}}],"collection":[{"href":"https:\/\/linitiative.ca\/International\/wp-json\/wp\/v2\/posts"}],"about":[{"href":"https:\/\/linitiative.ca\/International\/wp-json\/wp\/v2\/types\/post"}],"author":[{"embeddable":true,"href":"https:\/\/linitiative.ca\/International\/wp-json\/wp\/v2\/users\/1788"}],"replies":[{"embeddable":true,"href":"https:\/\/linitiative.ca\/International\/wp-json\/wp\/v2\/comments?post=135400"}],"version-history":[{"count":0,"href":"https:\/\/linitiative.ca\/International\/wp-json\/wp\/v2\/posts\/135400\/revisions"}],"wp:attachment":[{"href":"https:\/\/linitiative.ca\/International\/wp-json\/wp\/v2\/media?parent=135400"}],"wp:term":[{"taxonomy":"category","embeddable":true,"href":"https:\/\/linitiative.ca\/International\/wp-json\/wp\/v2\/categories?post=135400"},{"taxonomy":"post_tag","embeddable":true,"href":"https:\/\/linitiative.ca\/International\/wp-json\/wp\/v2\/tags?post=135400"}],"curies":[{"name":"wp","href":"https:\/\/api.w.org\/{rel}","templated":true}]}}