{"id":135402,"date":"2021-12-10T07:55:34","date_gmt":"2021-12-10T12:55:34","guid":{"rendered":"https:\/\/linitiative.ca\/International\/le-fruit-de-dragon-une-activite-a-fort-potentiel-de-developpement\/"},"modified":"2021-12-10T07:55:34","modified_gmt":"2021-12-10T12:55:34","slug":"le-fruit-de-dragon-une-activite-a-fort-potentiel-de-developpement","status":"publish","type":"post","link":"https:\/\/linitiative.ca\/International\/le-fruit-de-dragon-une-activite-a-fort-potentiel-de-developpement\/","title":{"rendered":"Le fruit de dragon, une activit\u00e9 \u00e0 fort potentiel de d\u00e9veloppement"},"content":{"rendered":"<div>\n<div style=\"margin-bottom:20px;\"><img loading=\"lazy\" decoding=\"async\" width=\"750\" height=\"430\" src=\"https:\/\/linitiative.ca\/International\/wp-content\/uploads\/sites\/23\/2021\/12\/indh-1.jpg\" class=\"attachment-post-thumbnail size-post-thumbnail wp-post-image\" alt=\"\" srcset=\"https:\/\/linitiative.ca\/International\/wp-content\/uploads\/sites\/23\/2021\/12\/indh-1.jpg 750w, https:\/\/www.mapmarrakech.ma\/map\/uploads\/2021\/08\/indh-1-300x172.jpg 300w\" sizes=\"auto, (max-width: 750px) 100vw, 750px\"><\/div>\n<p>Inscrit dans le cadre du programme de l\u2019Initiative baptis\u00e9 : \u00ab\u00a0Am\u00e9lioration du revenu et insertion \u00e9conomique des jeunes\u00a0\u00bb, ce projet \u00e0 vocation socio-\u00e9conomique, a vu le jour gr\u00e2ce \u00e0 une enveloppe budg\u00e9taire totale de 330.000 DH, dont 198.000 DH comme contribution de l\u2019Initiative d\u00e9di\u00e9e \u00e0 l\u2019acquisition des \u00e9quipements n\u00e9cessaires, selon les donn\u00e9es de la Division de l\u2019Action Sociale (DAS) relevant de la province de Safi.<\/p>\n<p>Quant aux 132.000 DH restants, ils sont pris en charge par la soci\u00e9t\u00e9 \u00ab\u00a0Aricazane SARL\u00a0\u00bb porteuse du projet et sont allou\u00e9s \u00e0 l\u2019acquisition des mati\u00e8res premi\u00e8res, \u00e0 la contribution \u00e0 l\u2019achat des \u00e9quipements, et \u00e0 l\u2019offre et l\u2019am\u00e9nagement de l\u2019espace abritant ce projet.<\/p>\n<p>Quant \u00e0 l\u2019Association Enactus Morocco, partenaire du projet, elle a pour mission d\u2019assurer un accompagnement technique du porteur du projet pour une p\u00e9riode allant de 12 \u00e0 24 mois.<\/p>\n<p>Ce projet, qui cible des jeunes \u00e2g\u00e9s de 18 \u00e0 34 ans, se fixe pour objectifs notamment d\u2019am\u00e9liorer les conditions de travail, de tirer vers le haut le revenu des b\u00e9n\u00e9ficiaires et de contribuer \u00e0 la cr\u00e9ation des opportunit\u00e9s d\u2019emploi.<\/p>\n<p>Dans une d\u00e9claration \u00e0 M24, la chaine de t\u00e9l\u00e9vision de l\u2019information en continu de la MAP, M. Abdeljalil Lamhili, a rappel\u00e9 que le d\u00e9marrage de cette activit\u00e9 a eu lieu en 2017, apr\u00e8s que l\u2019id\u00e9e du projet a muri \u00e0 partir d\u2019une s\u00e9rie de recherches et de navigation sur le Net \u00e0 ce sujet et surtout, \u00e0 un moment o\u00f9 ce fruit a \u00e9t\u00e9 encore peu connu au Maroc.<\/p>\n<p>\u00ab\u00a0Nous avons travaill\u00e9 durement pour monter ce projet, en s\u2019affrontant \u00e0 un certain nombre de difficult\u00e9s que nous avons, par la suite, r\u00e9ussi \u00e0 transcender en acqu\u00e9rant les techniques n\u00e9cessaires surtout, qu\u2019il s\u2019agit d\u2019un fruit tropical, dont la culture n\u00e9cessite des conditions climatiques pr\u00e9cises et des volumes d\u2019eau bien maitris\u00e9s\u00a0\u00bb, a-t-il poursuivi.<\/p>\n<p>\u00ab\u00a0Actuellement, nous sommes en phase d\u2019extension du projet sur une parcelle de terrain d\u2019un demi hectare, et ce, gr\u00e2ce \u00e0 la contribution remarquable de l\u2019Initiative Nationale pour le D\u00e9veloppement Humain (INDH)\u00a0\u00bb, s\u2019est-il f\u00e9licit\u00e9, louant au passage, les efforts d\u00e9ploy\u00e9s par les autorit\u00e9s provinciales pour l\u2019accompagnement des jeunes porteurs de projets et la r\u00e9ussite de leur insertion \u00e9conomique.<\/p>\n<p>L\u2019extension de ce projet est \u00e0 m\u00eame de garantir un rendement meilleur, \u00e9tant donn\u00e9 la forte demande actuelle sur les plants que sur le fruit lui-m\u00eame surtout, qu\u2019il s\u2019agit d\u2019une esp\u00e8ce de cactus qui ne demande pas beaucoup d\u2019eau, a expliqu\u00e9 M. Lamhili, faisant observer que son ambition est de parvenir \u00e0 l\u2019extension de ce projet pour arriver \u00e0 une exploitation de 4 ou 5 ha, afin d\u2019\u00eatre en mesure de satisfaire les demandes en plants d\u00e9j\u00e0 formul\u00e9es par ses clients parmi les agriculteurs et contribuer ainsi, \u00e0 une meilleure offre de ce fruit aux multiples vertus sur le march\u00e9 et par l\u00e0, \u00e0 l\u2019am\u00e9lioration des prix pratiqu\u00e9s.<\/p>\n<p>\u00ab\u00a0Notre ambition est de contribuer au d\u00e9veloppement de ce fruit et de faire de la province de Safi une r\u00e9f\u00e9rence en la mati\u00e8re \u00e0 l\u2019\u00e9chelle nationale\u00a0\u00bb, a-t-il dit, concluant sur une note d\u2019optimisme que son projet actuel r\u00e9alise une production annuelle de 300 kg, et qu\u2019il existe encore un potentiel \u00e9norme pour tirer vers le haut le volume de cette production.<\/p>\n<p>The post <a rel=\"nofollow\" href=\"https:\/\/www.mapmarrakech.ma\/fr\/le-fruit-de-dragon-une-activite-a-fort-potentiel-de-developpement\/\">Le fruit de dragon, une activit\u00e9 \u00e0 fort potentiel de d\u00e9veloppement<\/a> appeared first on <a rel=\"nofollow\" href=\"https:\/\/www.mapmarrakech.ma\/fr\">MapMarrakech<\/a>.<\/p>\n<\/div>\n<p>Auteur: Meriem IGASS<br \/>\n<a href=\"https:\/\/www.mapmarrakech.ma\/fr\/le-fruit-de-dragon-une-activite-a-fort-potentiel-de-developpement\/\">Cliquez ici pour lire l&rsquo;article depuis sa source.<\/a><\/p>\n","protected":false},"excerpt":{"rendered":"<p>Inscrit dans le cadre du programme de l\u2019Initiative baptis\u00e9 : \u00ab\u00a0Am\u00e9lioration du revenu et insertion \u00e9conomique des jeunes\u00a0\u00bb, ce projet \u00e0 vocation socio-\u00e9conomique, a vu le jour gr\u00e2ce \u00e0 une enveloppe budg\u00e9taire totale de 330.000 DH, dont 198.000 DH comme contribution de l\u2019Initiative d\u00e9di\u00e9e \u00e0 l\u2019acquisition des \u00e9quipements n\u00e9cessaires, selon les donn\u00e9es de la Division [&hellip;]<\/p>\n","protected":false},"author":1788,"featured_media":0,"comment_status":"closed","ping_status":"closed","sticky":false,"template":"","format":"standard","meta":{"fifu_image_url":"https:\/\/www.mapmarrakech.ma\/map\/uploads\/2021\/08\/indh-1.jpg","fifu_image_alt":"Le fruit de dragon, une activit\u00e9 \u00e0 fort potentiel de d\u00e9veloppement","footnotes":""},"categories":[54,76],"tags":[],"class_list":["post-135402","post","type-post","status-publish","format-standard","hentry","category-maroc","category-regions"],"_links":{"self":[{"href":"https:\/\/linitiative.ca\/International\/wp-json\/wp\/v2\/posts\/135402","targetHints":{"allow":["GET"]}}],"collection":[{"href":"https:\/\/linitiative.ca\/International\/wp-json\/wp\/v2\/posts"}],"about":[{"href":"https:\/\/linitiative.ca\/International\/wp-json\/wp\/v2\/types\/post"}],"author":[{"embeddable":true,"href":"https:\/\/linitiative.ca\/International\/wp-json\/wp\/v2\/users\/1788"}],"replies":[{"embeddable":true,"href":"https:\/\/linitiative.ca\/International\/wp-json\/wp\/v2\/comments?post=135402"}],"version-history":[{"count":0,"href":"https:\/\/linitiative.ca\/International\/wp-json\/wp\/v2\/posts\/135402\/revisions"}],"wp:attachment":[{"href":"https:\/\/linitiative.ca\/International\/wp-json\/wp\/v2\/media?parent=135402"}],"wp:term":[{"taxonomy":"category","embeddable":true,"href":"https:\/\/linitiative.ca\/International\/wp-json\/wp\/v2\/categories?post=135402"},{"taxonomy":"post_tag","embeddable":true,"href":"https:\/\/linitiative.ca\/International\/wp-json\/wp\/v2\/tags?post=135402"}],"curies":[{"name":"wp","href":"https:\/\/api.w.org\/{rel}","templated":true}]}}