{"id":135415,"date":"2021-12-10T12:03:04","date_gmt":"2021-12-10T17:03:04","guid":{"rendered":"https:\/\/linitiative.ca\/International\/akhannouch-sentretient-avec-les-representants-du-fmi\/"},"modified":"2021-12-10T12:03:04","modified_gmt":"2021-12-10T17:03:04","slug":"akhannouch-sentretient-avec-les-representants-du-fmi","status":"publish","type":"post","link":"https:\/\/linitiative.ca\/International\/akhannouch-sentretient-avec-les-representants-du-fmi\/","title":{"rendered":"Akhannouch s&rsquo;entretient avec les repr\u00e9sentants du FMI"},"content":{"rendered":"<div>\n<div class=\"field field-name-body field-type-text-with-summary field-label-hidden\">\n<div class=\"field-items\">\n<div class=\"field-item even\" property=\"content:encoded\">\n<p>Le Chef du gouvernement, Aziz Akhannouch, s&rsquo;est entretenu, jeudi par visioconf\u00e9rence, avec les repr\u00e9sentants du Fonds Mon\u00e9taire International (FMI), en pr\u00e9sence du minist\u00e8re de l&rsquo;\u00c9conomie et des Finances, repr\u00e9sent\u00e9 par la Direction du Tr\u00e9sor du Royaume.<\/p>\n<\/div>\n<\/div>\n<\/div>\n<\/div>\n<p>Auteur: mbasraoui<br \/>\n<a href=\"https:\/\/www.leconomiste.com\/flash-infos\/akhannouch-s-entretient-avec-les-representants-du-fmi\">Cliquez ici pour lire l&rsquo;article depuis sa source.<\/a><\/p>\n","protected":false},"excerpt":{"rendered":"<p>Le Chef du gouvernement, Aziz Akhannouch, s&rsquo;est entretenu, jeudi par visioconf\u00e9rence, avec les repr\u00e9sentants du Fonds Mon\u00e9taire International (FMI), en pr\u00e9sence du minist\u00e8re de l&rsquo;\u00c9conomie et des Finances, repr\u00e9sent\u00e9 par la Direction du Tr\u00e9sor du Royaume. Auteur: mbasraoui Cliquez ici pour lire l&rsquo;article depuis sa source.<\/p>\n","protected":false},"author":1763,"featured_media":0,"comment_status":"closed","ping_status":"closed","sticky":false,"template":"","format":"standard","meta":{"fifu_image_url":"","fifu_image_alt":"","footnotes":""},"categories":[78,54],"tags":[],"class_list":["post-135415","post","type-post","status-publish","format-standard","hentry","category-economie","category-maroc"],"_links":{"self":[{"href":"https:\/\/linitiative.ca\/International\/wp-json\/wp\/v2\/posts\/135415","targetHints":{"allow":["GET"]}}],"collection":[{"href":"https:\/\/linitiative.ca\/International\/wp-json\/wp\/v2\/posts"}],"about":[{"href":"https:\/\/linitiative.ca\/International\/wp-json\/wp\/v2\/types\/post"}],"author":[{"embeddable":true,"href":"https:\/\/linitiative.ca\/International\/wp-json\/wp\/v2\/users\/1763"}],"replies":[{"embeddable":true,"href":"https:\/\/linitiative.ca\/International\/wp-json\/wp\/v2\/comments?post=135415"}],"version-history":[{"count":0,"href":"https:\/\/linitiative.ca\/International\/wp-json\/wp\/v2\/posts\/135415\/revisions"}],"wp:attachment":[{"href":"https:\/\/linitiative.ca\/International\/wp-json\/wp\/v2\/media?parent=135415"}],"wp:term":[{"taxonomy":"category","embeddable":true,"href":"https:\/\/linitiative.ca\/International\/wp-json\/wp\/v2\/categories?post=135415"},{"taxonomy":"post_tag","embeddable":true,"href":"https:\/\/linitiative.ca\/International\/wp-json\/wp\/v2\/tags?post=135415"}],"curies":[{"name":"wp","href":"https:\/\/api.w.org\/{rel}","templated":true}]}}