{"id":135420,"date":"2021-12-10T05:47:00","date_gmt":"2021-12-10T10:47:00","guid":{"rendered":"https:\/\/linitiative.ca\/International\/coupe-arabe-les-verts-au-grand-complet-pour-preparer-le-match-face-au-maroc\/"},"modified":"2021-12-10T05:47:00","modified_gmt":"2021-12-10T10:47:00","slug":"coupe-arabe-les-verts-au-grand-complet-pour-preparer-le-match-face-au-maroc","status":"publish","type":"post","link":"https:\/\/linitiative.ca\/International\/coupe-arabe-les-verts-au-grand-complet-pour-preparer-le-match-face-au-maroc\/","title":{"rendered":"Coupe Arabe : Les Verts au grand complet pour pr\u00e9parer le match face au Maroc"},"content":{"rendered":"<div>La s\u00e9ance d&rsquo;entrainement de ce jeudi a \u00e9t\u00e9 un peu all\u00e9g\u00e9 afin de maintenir les joueurs dans la meilleure forme avant le choc de samedi face au Maroc<\/div>\n<p>Auteur:<br \/>\n<a href=\"https:\/\/www.lebuteur.com\/article\/detail?titre=coupe-arabe-les-verts-au-grand-complet-pour-preparer-le-match-face-au-maroc&#038;id=101779\">Cliquez ici pour lire l&rsquo;article depuis sa source.<\/a><\/p>\n","protected":false},"excerpt":{"rendered":"<p>La s\u00e9ance d&rsquo;entrainement de ce jeudi a \u00e9t\u00e9 un peu all\u00e9g\u00e9 afin de maintenir les joueurs dans la meilleure forme avant le choc de samedi face au Maroc Auteur: Cliquez ici pour lire l&rsquo;article depuis sa source.<\/p>\n","protected":false},"author":1738,"featured_media":0,"comment_status":"closed","ping_status":"closed","sticky":false,"template":"","format":"standard","meta":{"fifu_image_url":"","fifu_image_alt":"","footnotes":""},"categories":[53,75],"tags":[],"class_list":["post-135420","post","type-post","status-publish","format-standard","hentry","category-algerie","category-sport"],"_links":{"self":[{"href":"https:\/\/linitiative.ca\/International\/wp-json\/wp\/v2\/posts\/135420","targetHints":{"allow":["GET"]}}],"collection":[{"href":"https:\/\/linitiative.ca\/International\/wp-json\/wp\/v2\/posts"}],"about":[{"href":"https:\/\/linitiative.ca\/International\/wp-json\/wp\/v2\/types\/post"}],"author":[{"embeddable":true,"href":"https:\/\/linitiative.ca\/International\/wp-json\/wp\/v2\/users\/1738"}],"replies":[{"embeddable":true,"href":"https:\/\/linitiative.ca\/International\/wp-json\/wp\/v2\/comments?post=135420"}],"version-history":[{"count":0,"href":"https:\/\/linitiative.ca\/International\/wp-json\/wp\/v2\/posts\/135420\/revisions"}],"wp:attachment":[{"href":"https:\/\/linitiative.ca\/International\/wp-json\/wp\/v2\/media?parent=135420"}],"wp:term":[{"taxonomy":"category","embeddable":true,"href":"https:\/\/linitiative.ca\/International\/wp-json\/wp\/v2\/categories?post=135420"},{"taxonomy":"post_tag","embeddable":true,"href":"https:\/\/linitiative.ca\/International\/wp-json\/wp\/v2\/tags?post=135420"}],"curies":[{"name":"wp","href":"https:\/\/api.w.org\/{rel}","templated":true}]}}