{"id":135421,"date":"2021-12-10T12:00:00","date_gmt":"2021-12-10T17:00:00","guid":{"rendered":"https:\/\/linitiative.ca\/International\/dortmund-le-prix-de-jude-bellingham-fixe\/"},"modified":"2021-12-10T12:00:00","modified_gmt":"2021-12-10T17:00:00","slug":"dortmund-le-prix-de-jude-bellingham-fixe","status":"publish","type":"post","link":"https:\/\/linitiative.ca\/International\/dortmund-le-prix-de-jude-bellingham-fixe\/","title":{"rendered":"Dortmund : Le prix de Jude Bellingham fix\u00e9"},"content":{"rendered":"<div>Auteur de trois buts et neuf passes d\u00e9cisives en 22 rencontres toutes comp\u00e9titions confondues, le milieu de terrain Jude Bellingham r\u00e9alise une belle premi\u00e8re partie de saison sous le maillot du Borussia Dortmund.<\/div>\n<p>Auteur:<br \/>\n<a href=\"https:\/\/www.lebuteur.com\/article\/detail?titre=dortmund-le-prix-de-jude-bellingham-fixe&#038;id=101780\">Cliquez ici pour lire l&rsquo;article depuis sa source.<\/a><\/p>\n","protected":false},"excerpt":{"rendered":"<p>Auteur de trois buts et neuf passes d\u00e9cisives en 22 rencontres toutes comp\u00e9titions confondues, le milieu de terrain Jude Bellingham r\u00e9alise une belle premi\u00e8re partie de saison sous le maillot du Borussia Dortmund. Auteur: Cliquez ici pour lire l&rsquo;article depuis sa source.<\/p>\n","protected":false},"author":1738,"featured_media":0,"comment_status":"closed","ping_status":"closed","sticky":false,"template":"","format":"standard","meta":{"fifu_image_url":"","fifu_image_alt":"","footnotes":""},"categories":[53,75],"tags":[],"class_list":["post-135421","post","type-post","status-publish","format-standard","hentry","category-algerie","category-sport"],"_links":{"self":[{"href":"https:\/\/linitiative.ca\/International\/wp-json\/wp\/v2\/posts\/135421","targetHints":{"allow":["GET"]}}],"collection":[{"href":"https:\/\/linitiative.ca\/International\/wp-json\/wp\/v2\/posts"}],"about":[{"href":"https:\/\/linitiative.ca\/International\/wp-json\/wp\/v2\/types\/post"}],"author":[{"embeddable":true,"href":"https:\/\/linitiative.ca\/International\/wp-json\/wp\/v2\/users\/1738"}],"replies":[{"embeddable":true,"href":"https:\/\/linitiative.ca\/International\/wp-json\/wp\/v2\/comments?post=135421"}],"version-history":[{"count":0,"href":"https:\/\/linitiative.ca\/International\/wp-json\/wp\/v2\/posts\/135421\/revisions"}],"wp:attachment":[{"href":"https:\/\/linitiative.ca\/International\/wp-json\/wp\/v2\/media?parent=135421"}],"wp:term":[{"taxonomy":"category","embeddable":true,"href":"https:\/\/linitiative.ca\/International\/wp-json\/wp\/v2\/categories?post=135421"},{"taxonomy":"post_tag","embeddable":true,"href":"https:\/\/linitiative.ca\/International\/wp-json\/wp\/v2\/tags?post=135421"}],"curies":[{"name":"wp","href":"https:\/\/api.w.org\/{rel}","templated":true}]}}