{"id":135422,"date":"2021-12-10T12:02:00","date_gmt":"2021-12-10T17:02:00","guid":{"rendered":"https:\/\/linitiative.ca\/International\/coupe-arabe-la-tunisie-premiere-equipe-qualifiee-pour-les-demies-videos\/"},"modified":"2021-12-10T12:02:00","modified_gmt":"2021-12-10T17:02:00","slug":"coupe-arabe-la-tunisie-premiere-equipe-qualifiee-pour-les-demies-videos","status":"publish","type":"post","link":"https:\/\/linitiative.ca\/International\/coupe-arabe-la-tunisie-premiere-equipe-qualifiee-pour-les-demies-videos\/","title":{"rendered":"Coupe Arabe : La Tunisie premi\u00e8re \u00e9quipe qualifi\u00e9e pour les demies ! (Vid\u00e9os)"},"content":{"rendered":"<div>La Tunisie s&rsquo;est impos\u00e9 2-1 face \u00e0 Oman et se qualifie pour les demi-finales de la Coupe Arabe 2021&#8230;<\/div>\n<p>Auteur:<br \/>\n<a href=\"https:\/\/www.lebuteur.com\/article\/detail?titre=coupe-arabe-la-tunisie-premiere-equipe-qualifiee-pour-les-demies-videos&#038;id=101782\">Cliquez ici pour lire l&rsquo;article depuis sa source.<\/a><\/p>\n","protected":false},"excerpt":{"rendered":"<p>La Tunisie s&rsquo;est impos\u00e9 2-1 face \u00e0 Oman et se qualifie pour les demi-finales de la Coupe Arabe 2021&#8230; Auteur: Cliquez ici pour lire l&rsquo;article depuis sa source.<\/p>\n","protected":false},"author":1738,"featured_media":0,"comment_status":"closed","ping_status":"closed","sticky":false,"template":"","format":"standard","meta":{"fifu_image_url":"","fifu_image_alt":"","footnotes":""},"categories":[53,75],"tags":[],"class_list":["post-135422","post","type-post","status-publish","format-standard","hentry","category-algerie","category-sport"],"_links":{"self":[{"href":"https:\/\/linitiative.ca\/International\/wp-json\/wp\/v2\/posts\/135422","targetHints":{"allow":["GET"]}}],"collection":[{"href":"https:\/\/linitiative.ca\/International\/wp-json\/wp\/v2\/posts"}],"about":[{"href":"https:\/\/linitiative.ca\/International\/wp-json\/wp\/v2\/types\/post"}],"author":[{"embeddable":true,"href":"https:\/\/linitiative.ca\/International\/wp-json\/wp\/v2\/users\/1738"}],"replies":[{"embeddable":true,"href":"https:\/\/linitiative.ca\/International\/wp-json\/wp\/v2\/comments?post=135422"}],"version-history":[{"count":0,"href":"https:\/\/linitiative.ca\/International\/wp-json\/wp\/v2\/posts\/135422\/revisions"}],"wp:attachment":[{"href":"https:\/\/linitiative.ca\/International\/wp-json\/wp\/v2\/media?parent=135422"}],"wp:term":[{"taxonomy":"category","embeddable":true,"href":"https:\/\/linitiative.ca\/International\/wp-json\/wp\/v2\/categories?post=135422"},{"taxonomy":"post_tag","embeddable":true,"href":"https:\/\/linitiative.ca\/International\/wp-json\/wp\/v2\/tags?post=135422"}],"curies":[{"name":"wp","href":"https:\/\/api.w.org\/{rel}","templated":true}]}}