{"id":135451,"date":"2021-12-10T05:07:54","date_gmt":"2021-12-10T10:07:54","guid":{"rendered":"https:\/\/linitiative.ca\/International\/taanli-2-une-centaine-de-terroristes-neutralisee-dans-loperation-conjointe-burkina-niger-communique\/"},"modified":"2021-12-10T05:07:54","modified_gmt":"2021-12-10T10:07:54","slug":"taanli-2-une-centaine-de-terroristes-neutralisee-dans-loperation-conjointe-burkina-niger-communique","status":"publish","type":"post","link":"https:\/\/linitiative.ca\/International\/taanli-2-une-centaine-de-terroristes-neutralisee-dans-loperation-conjointe-burkina-niger-communique\/","title":{"rendered":"Taanli 2: Une centaine de terroristes neutralis\u00e9e dans l\u2019op\u00e9ration conjointe Burkina -Niger \u00a0(communiqu\u00e9)"},"content":{"rendered":"<div>\n<p>Les arm\u00e9es nationales du Burkina et du Niger ont men\u00e9 une op\u00e9ration conjointe du 25 au 9 d\u00e9cembre 2021 sur une superficie totale de 24 624 kilom\u00e8tres carr\u00e9s. L\u2019op\u00e9ration d\u00e9nomm\u00e9e Taanli 2\u00a0 a permis de neutraliser une centaine de terroriste a indiqu\u00e9 un communiqu\u00e9 de l\u2019Etat-major g\u00e9n\u00e9ral des arm\u00e9es.<\/p>\n<p>L\u2019objectif principal \u00e9tait \u00ab\u00a0de mettre hors d\u2019\u00e9tat de nuire les terroristes, d\u00e9manteler leurs bases logistiques et zones de refuges et rassurer les populations dans la bande frontali\u00e8re comprise dans la zone d\u2019op\u00e9ration\u00a0\u00bb, selon l\u2019\u00e9tat-Major g\u00e9n\u00e9ral des arm\u00e9es dans son communiqu\u00e9.<\/p>\n<p>La zone d\u2019op\u00e9ration est un polygone qui prend en compte plusieurs localit\u00e9s situ\u00e9es de part et d\u2019autre de la fronti\u00e8re entre le Burkina et le Niger. Elle s\u2019\u00e9tend sur une superficie de 24 624 kilom\u00e8tres carr\u00e9s.<\/p>\n<p>Cette operation a donc permis la\u00a0<a href=\"https:\/\/minute.bf\/operation-taanli-2-une-centaine-de-terroristes-neutralises\/\"><strong>neutralisation d\u2019une centaine de terroristes<\/strong>.<\/a>\u00a0Des armes, des munitions saisies, des moyens de communication, du carburant ont \u00e9t\u00e9 saisis.<\/p>\n<p>L\u2019op\u00e9ration Taanli 3 a \u00e9t\u00e9 annonc\u00e9e pour consolider les r\u00e9sultats des op\u00e9rations pass\u00e9es.<\/p>\n<p>L\u2019article <a rel=\"nofollow\" href=\"https:\/\/www.sidwaya.info\/blog\/2021\/12\/10\/taanli-2-une-centaine-de-terroristes-neutralisee-dans-loperation-conjointe-burkina-niger-communique\/\">Taanli 2: Une centaine de terroristes neutralis\u00e9e dans l\u2019op\u00e9ration conjointe Burkina -Niger \u00a0(communiqu\u00e9)<\/a> est apparu en premier sur <a rel=\"nofollow\" href=\"https:\/\/www.sidwaya.info\/\">Quotidien Sidwaya<\/a>.<\/p>\n<\/div>\n<p>Auteur: BS. Sidwaya<br \/>\n<a href=\"https:\/\/www.sidwaya.info\/blog\/2021\/12\/10\/taanli-2-une-centaine-de-terroristes-neutralisee-dans-loperation-conjointe-burkina-niger-communique\/\">Cliquez ici pour lire l&rsquo;article depuis sa source.<\/a><\/p>\n","protected":false},"excerpt":{"rendered":"<p>Les arm\u00e9es nationales du Burkina et du Niger ont men\u00e9 une op\u00e9ration conjointe du 25 au 9 d\u00e9cembre 2021 sur une superficie totale de 24 624 kilom\u00e8tres carr\u00e9s. L\u2019op\u00e9ration d\u00e9nomm\u00e9e Taanli 2\u00a0 a permis de neutraliser une centaine de terroriste a indiqu\u00e9 un communiqu\u00e9 de l\u2019Etat-major g\u00e9n\u00e9ral des arm\u00e9es. L\u2019objectif principal \u00e9tait \u00ab\u00a0de mettre hors [&hellip;]<\/p>\n","protected":false},"author":1816,"featured_media":0,"comment_status":"closed","ping_status":"closed","sticky":false,"template":"","format":"standard","meta":{"fifu_image_url":"","fifu_image_alt":"","footnotes":""},"categories":[73,81],"tags":[],"class_list":["post-135451","post","type-post","status-publish","format-standard","hentry","category-actualite","category-burkina-faso"],"_links":{"self":[{"href":"https:\/\/linitiative.ca\/International\/wp-json\/wp\/v2\/posts\/135451","targetHints":{"allow":["GET"]}}],"collection":[{"href":"https:\/\/linitiative.ca\/International\/wp-json\/wp\/v2\/posts"}],"about":[{"href":"https:\/\/linitiative.ca\/International\/wp-json\/wp\/v2\/types\/post"}],"author":[{"embeddable":true,"href":"https:\/\/linitiative.ca\/International\/wp-json\/wp\/v2\/users\/1816"}],"replies":[{"embeddable":true,"href":"https:\/\/linitiative.ca\/International\/wp-json\/wp\/v2\/comments?post=135451"}],"version-history":[{"count":0,"href":"https:\/\/linitiative.ca\/International\/wp-json\/wp\/v2\/posts\/135451\/revisions"}],"wp:attachment":[{"href":"https:\/\/linitiative.ca\/International\/wp-json\/wp\/v2\/media?parent=135451"}],"wp:term":[{"taxonomy":"category","embeddable":true,"href":"https:\/\/linitiative.ca\/International\/wp-json\/wp\/v2\/categories?post=135451"},{"taxonomy":"post_tag","embeddable":true,"href":"https:\/\/linitiative.ca\/International\/wp-json\/wp\/v2\/tags?post=135451"}],"curies":[{"name":"wp","href":"https:\/\/api.w.org\/{rel}","templated":true}]}}