{"id":135456,"date":"2021-12-10T11:18:03","date_gmt":"2021-12-10T16:18:03","guid":{"rendered":"https:\/\/linitiative.ca\/International\/variant-omicron-pretoria-appelle-a-la-cooperation-des-brics\/"},"modified":"2021-12-10T11:18:03","modified_gmt":"2021-12-10T16:18:03","slug":"variant-omicron-pretoria-appelle-a-la-cooperation-des-brics","status":"publish","type":"post","link":"https:\/\/linitiative.ca\/International\/variant-omicron-pretoria-appelle-a-la-cooperation-des-brics\/","title":{"rendered":"Variant Omicron : Pretoria appelle \u00e0 la coop\u00e9ration des BRICS"},"content":{"rendered":"<div>\n<p><img decoding=\"async\" width=\"685\" height=\"339\" src=\"https:\/\/linitiative.ca\/International\/wp-content\/uploads\/sites\/23\/2021\/12\/16391530834783.jpg\" class=\"attachment-post-thumbnail size-post-thumbnail wp-post-image\" alt=\"\" loading=\"lazy\" srcset=\"https:\/\/linitiative.ca\/International\/wp-content\/uploads\/sites\/23\/2021\/12\/16391530834783.jpg 685w, https:\/\/www.journalducameroun.com\/wp-content\/uploads\/2021\/12\/16391530834783-300x148.jpg 300w, https:\/\/www.journalducameroun.com\/wp-content\/uploads\/2021\/12\/16391530834783-600x297.jpg 600w\" sizes=\"auto, (max-width: 685px) 100vw, 685px\"><\/p>\n<p>Le pr\u00e9sident Sud-africain, Cyril Ramaphosa a invit\u00e9 les scientifiques des pays BRICS (Br\u00e9sil, Russie, Inde et Chine) \u00e0 s&rsquo;associer \u00e0 des experts sud-africains pour \u00e9tudier les diff\u00e9rentes caract\u00e9ristiques du virus Covid-19 et de ses variants mutants.Le dirigeant Sud-africain a d\u00e9clar\u00e9 que cette initiative contribuerait \u00e0 la coop\u00e9ration intra-BRICS \u00ab dans le but de renforcer la pr\u00e9paration et les r\u00e9ponses \u00e0 la pand\u00e9mie, comme le pr\u00e9voit la d\u00e9claration de New Delhi, adopt\u00e9e lors du 13e Sommet des BRICS en septembre 2021 \u00bb.<\/p>\n<p>\u00ab L&rsquo;humanit\u00e9 ne pourra surmonter cette pand\u00e9mie que si les pays du monde travaillent en coop\u00e9ration plus \u00e9troite en partageant les informations, l&rsquo;expertise et les ressources \u00bb, a-t-il d\u00e9clar\u00e9. L&rsquo;\u00e9quipe internationale devrait \u00e9changer et partager des informations sur les exp\u00e9riences de laboratoire, cliniques et \u00e9pid\u00e9miologiques concernant le virus afin d&rsquo;aider les m\u00e9decins et les d\u00e9cideurs des pays BRICS \u00e0 mieux se pr\u00e9parer aux futures manifestations de la maladie.<\/p>\n<p>M. Ramaphosa a nomm\u00e9 le pr\u00e9sident du conseil consultatif minist\u00e9riel sur le Covid-19, Koleka Mlisana, \u00e0 la t\u00eate d&rsquo;une \u00e9quipe de chercheurs sud-africains sp\u00e9cialis\u00e9s dans le s\u00e9quen\u00e7age g\u00e9nomique qui travailleront avec leurs homologues des autres pays BRICS. \u00ab La collaboration entre les pays des BRICS vise \u00e0 \u00e9largir nos connaissances sur le Covid-19, non seulement au profit des pays membres, mais aussi de la communaut\u00e9 mondiale dans son ensemble \u00bb, a-t-il d\u00e9clar\u00e9.<\/p>\n<p>Cette coop\u00e9ration s&rsquo;inscrira dans le cadre de la cr\u00e9ation du centre de recherche et de d\u00e9veloppement de vaccins des BRICS dans un format virtuel, a pr\u00e9cis\u00e9 M. Ramaphosa. L&rsquo;Afrique du Sud accueille actuellement le centre de recherche sur les vaccins des BRICS et la recherche sur le variant Omicron fera partie des initiatives du centre.<\/p>\n<p>Cet article <a rel=\"nofollow\" href=\"https:\/\/www.journalducameroun.com\/variant-omicron-pretoria-appelle-a-la-cooperation-des-brics\/\">Variant Omicron : Pretoria appelle \u00e0 la coop\u00e9ration des BRICS<\/a> est apparu en premier sur <a rel=\"nofollow\" href=\"https:\/\/www.journalducameroun.com\/\">Journal du Cameroun<\/a>.<\/p>\n<\/div>\n<p>Auteur: APA News<br \/>\n<a href=\"https:\/\/www.journalducameroun.com\/variant-omicron-pretoria-appelle-a-la-cooperation-des-brics\/\">Cliquez ici pour lire l&rsquo;article depuis sa source.<\/a><\/p>\n","protected":false},"excerpt":{"rendered":"<p>Le pr\u00e9sident Sud-africain, Cyril Ramaphosa a invit\u00e9 les scientifiques des pays BRICS (Br\u00e9sil, Russie, Inde et Chine) \u00e0 s&rsquo;associer \u00e0 des experts sud-africains pour \u00e9tudier les diff\u00e9rentes caract\u00e9ristiques du virus Covid-19 et de ses variants mutants.Le dirigeant Sud-africain a d\u00e9clar\u00e9 que cette initiative contribuerait \u00e0 la coop\u00e9ration intra-BRICS \u00ab dans le but de renforcer la [&hellip;]<\/p>\n","protected":false},"author":1965,"featured_media":0,"comment_status":"closed","ping_status":"closed","sticky":false,"template":"","format":"standard","meta":{"fifu_image_url":"https:\/\/www.journalducameroun.com\/wp-content\/uploads\/2021\/12\/16391530834783.jpg","fifu_image_alt":"Variant Omicron : Pretoria appelle \u00e0 la coop\u00e9ration des BRICS","footnotes":""},"categories":[73,82],"tags":[],"class_list":["post-135456","post","type-post","status-publish","format-standard","hentry","category-actualite","category-cameroun"],"_links":{"self":[{"href":"https:\/\/linitiative.ca\/International\/wp-json\/wp\/v2\/posts\/135456","targetHints":{"allow":["GET"]}}],"collection":[{"href":"https:\/\/linitiative.ca\/International\/wp-json\/wp\/v2\/posts"}],"about":[{"href":"https:\/\/linitiative.ca\/International\/wp-json\/wp\/v2\/types\/post"}],"author":[{"embeddable":true,"href":"https:\/\/linitiative.ca\/International\/wp-json\/wp\/v2\/users\/1965"}],"replies":[{"embeddable":true,"href":"https:\/\/linitiative.ca\/International\/wp-json\/wp\/v2\/comments?post=135456"}],"version-history":[{"count":0,"href":"https:\/\/linitiative.ca\/International\/wp-json\/wp\/v2\/posts\/135456\/revisions"}],"wp:attachment":[{"href":"https:\/\/linitiative.ca\/International\/wp-json\/wp\/v2\/media?parent=135456"}],"wp:term":[{"taxonomy":"category","embeddable":true,"href":"https:\/\/linitiative.ca\/International\/wp-json\/wp\/v2\/categories?post=135456"},{"taxonomy":"post_tag","embeddable":true,"href":"https:\/\/linitiative.ca\/International\/wp-json\/wp\/v2\/tags?post=135456"}],"curies":[{"name":"wp","href":"https:\/\/api.w.org\/{rel}","templated":true}]}}