{"id":135486,"date":"2021-12-10T17:28:14","date_gmt":"2021-12-10T22:28:14","guid":{"rendered":"https:\/\/linitiative.ca\/International\/m-benmoussa-visite-des-etablissements-scolaires-a-oujda\/"},"modified":"2021-12-10T17:28:14","modified_gmt":"2021-12-10T22:28:14","slug":"m-benmoussa-visite-des-etablissements-scolaires-a-oujda","status":"publish","type":"post","link":"https:\/\/linitiative.ca\/International\/m-benmoussa-visite-des-etablissements-scolaires-a-oujda\/","title":{"rendered":"M. Benmoussa visite des \u00e9tablissements scolaires \u00e0 Oujda"},"content":{"rendered":"<div>\n<div style=\"margin-bottom:20px;\"><img loading=\"lazy\" decoding=\"async\" width=\"750\" height=\"430\" src=\"https:\/\/linitiative.ca\/International\/wp-content\/uploads\/sites\/23\/2021\/12\/visite-de-chakib-benmoussa-C3A0-Oujda-750C397430-MAP-1.jpg\" class=\"attachment-post-thumbnail size-post-thumbnail wp-post-image\" alt=\"\" srcset=\"https:\/\/linitiative.ca\/International\/wp-content\/uploads\/sites\/23\/2021\/12\/visite-de-chakib-benmoussa-C3A0-Oujda-750C397430-MAP-1.jpg 750w, https:\/\/www.mapoujda.ma\/map\/uploads\/2021\/12\/visite-de-chakib-benmoussa-\u00e0-Oujda-750\u00d7430-MAP-1-300x172.jpg 300w\" sizes=\"auto, (max-width: 750px) 100vw, 750px\"><\/div>\n<div>\n<p style=\"text-align: justify;\">Le ministre de l\u2019Education nationale, du pr\u00e9scolaire et des sports, Chakib Benmoussa, a effectu\u00e9 vendredi une visite de terrain \u00e0 des \u00e9tablissements scolaires de la ville d\u2019Oujda, et a proc\u00e9d\u00e9 au lancement des travaux d\u2019autres infrastructures d\u2019enseignement.<\/p>\n<p style=\"text-align: justify;\">Le ministre, accompagn\u00e9 notamment du wali de la r\u00e9gion de l\u2019Oriental, gouverneur de la pr\u00e9fecture d\u2019Oujda-Angad, de responsables centraux et r\u00e9gionaux du secteur de l\u2019\u00e9ducation et d\u2019autres personnalit\u00e9s, a notamment rendu visite au lyc\u00e9e technique Mehdi Ben Barka, inaugur\u00e9 en 1953 et qui compte un total de 684 \u00e9l\u00e8ves et 75 cadres administratifs et \u00e9ducatifs.<\/p>\n<p style=\"text-align: justify;\">A cette occasion, M. Benmoussa a suivi des explications sur le d\u00e9roulement de l\u2019enseignement technique et sur l\u2019\u00e9volution de la formation dans les classes pr\u00e9paratoires au Brevet de technicien sup\u00e9rieur, avant de visiter le laboratoire de formation de cet \u00e9tablissement, comprenant plusieurs ateliers notamment dans les domaines des technologies m\u00e9caniques et \u00e9lectriques.<\/p>\n<p style=\"text-align: justify;\">Par la suite, le ministre a visit\u00e9 l\u2019\u00e9cole primaire Al Wahda, o\u00f9 il s\u2019est enquis des diff\u00e9rents indicateurs relatifs \u00e0 cet \u00e9tablissement, en particulier en mati\u00e8re d\u2019offre scolaire (structure \u00e9ducative, ressources humaines, soutien social), de projet de l\u2019\u00e9tablissement, de clubs scolaires et de g\u00e9n\u00e9ralisation de l\u2019enseignement pr\u00e9scolaire.<\/p>\n<p style=\"text-align: justify;\">A cet \u00e9gard, M. Benmoussa et la d\u00e9l\u00e9gation l\u2019accompagnant ont visit\u00e9 l\u2019unit\u00e9 pilote de pr\u00e9scolaire mise en place au sein de cette \u00e9cole, et ont pris connaissance des services et des activit\u00e9s \u00e9ducatives dispens\u00e9es aux 34 enfants inscrits dans cette structure au titre de l\u2019ann\u00e9e scolaire 2021-2022.<\/p>\n<p style=\"text-align: justify;\">Dans une d\u00e9claration \u00e0 la presse \u00e0 cette occasion, le ministre a indiqu\u00e9 que cette visite a permis de constater sur le terrain l\u2019importance des fili\u00e8res techniques qui r\u00e9pondent aux attentes des \u00e9l\u00e8ves et les pr\u00e9parent pour int\u00e9grer la vie professionnelle.<\/p>\n<p style=\"text-align: justify;\">Il a aussi mis en exergue les efforts innovants d\u00e9ploy\u00e9s pour promouvoir l\u2019enseignement pr\u00e9scolaire et accompagner les enfants \u00e2g\u00e9s entre 4 et 5 ans, mettant l\u2019accent sur l\u2019importance de ce genre de structures pilotes pour aider les enfants \u00e0 d\u00e9velopper leurs capacit\u00e9s \u00e0 travers les jeux.<\/p>\n<p style=\"text-align: justify;\">M. Benmoussa a aussi relev\u00e9 les efforts fournis au niveau des \u00e9coles \u00e9cologiques pour sensibiliser les \u00e9l\u00e8ves \u00e0 l\u2019importance de la pr\u00e9servation de l\u2019environnement.<\/p>\n<p style=\"text-align: justify;\">Par ailleurs, M. Benmoussa a proc\u00e9d\u00e9 au lancement des travaux de construction du lyc\u00e9e qualifiant Assalam et du Lyc\u00e9e pr\u00e9paratoire Kala dans la commune urbaine d\u2019Oujda, pour une enveloppe globale de plus de 17,7 millions de dirhams (MDH), ainsi que des \u00e9coles primaires Azzohour et Hay Jorf Lakhdar, pour un co\u00fbt total de 11,2 MDH.<\/p>\n<p style=\"text-align: justify;\">Ces projets, qui s\u2019inscrivent dans le cadre de l\u2019\u00e9largissement de l\u2019offre scolaire, sont de nature \u00e0 rapprocher les infrastructures scolaires des \u00e9l\u00e8ves des quartiers cibles, r\u00e9duire le taux de surpopulation des classes et lutter contre les ph\u00e9nom\u00e8nes de d\u00e9perdition et de d\u00e9crochage scolaire.<\/p>\n<\/div>\n<p>L\u2019article <a rel=\"nofollow\" href=\"https:\/\/www.mapoujda.ma\/fr\/m-benmoussa-visite-des-etablissements-scolaires-a-oujda\/\">M. Benmoussa visite des \u00e9tablissements scolaires \u00e0 Oujda<\/a> est apparu en premier sur <a rel=\"nofollow\" href=\"https:\/\/www.mapoujda.ma\/fr\">MapOujda<\/a>.<\/p>\n<\/div>\n<p>Auteur: Soufiane ELAHMAR<br \/>\n<a href=\"https:\/\/www.mapoujda.ma\/fr\/m-benmoussa-visite-des-etablissements-scolaires-a-oujda\/\">Cliquez ici pour lire l&rsquo;article depuis sa source.<\/a><\/p>\n","protected":false},"excerpt":{"rendered":"<p>Le ministre de l\u2019Education nationale, du pr\u00e9scolaire et des sports, Chakib Benmoussa, a effectu\u00e9 vendredi une visite de terrain \u00e0 des \u00e9tablissements scolaires de la ville d\u2019Oujda, et a proc\u00e9d\u00e9 au lancement des travaux d\u2019autres infrastructures d\u2019enseignement. Le ministre, accompagn\u00e9 notamment du wali de la r\u00e9gion de l\u2019Oriental, gouverneur de la pr\u00e9fecture d\u2019Oujda-Angad, de responsables [&hellip;]<\/p>\n","protected":false},"author":1788,"featured_media":0,"comment_status":"closed","ping_status":"closed","sticky":false,"template":"","format":"standard","meta":{"fifu_image_url":"https:\/\/www.mapoujda.ma\/map\/uploads\/2021\/12\/visite-de-chakib-benmoussa-\u00e0-Oujda-750\u00d7430-MAP-1.jpg","fifu_image_alt":"M. Benmoussa visite des \u00e9tablissements scolaires \u00e0 Oujda","footnotes":""},"categories":[54,76],"tags":[],"class_list":["post-135486","post","type-post","status-publish","format-standard","hentry","category-maroc","category-regions"],"_links":{"self":[{"href":"https:\/\/linitiative.ca\/International\/wp-json\/wp\/v2\/posts\/135486","targetHints":{"allow":["GET"]}}],"collection":[{"href":"https:\/\/linitiative.ca\/International\/wp-json\/wp\/v2\/posts"}],"about":[{"href":"https:\/\/linitiative.ca\/International\/wp-json\/wp\/v2\/types\/post"}],"author":[{"embeddable":true,"href":"https:\/\/linitiative.ca\/International\/wp-json\/wp\/v2\/users\/1788"}],"replies":[{"embeddable":true,"href":"https:\/\/linitiative.ca\/International\/wp-json\/wp\/v2\/comments?post=135486"}],"version-history":[{"count":0,"href":"https:\/\/linitiative.ca\/International\/wp-json\/wp\/v2\/posts\/135486\/revisions"}],"wp:attachment":[{"href":"https:\/\/linitiative.ca\/International\/wp-json\/wp\/v2\/media?parent=135486"}],"wp:term":[{"taxonomy":"category","embeddable":true,"href":"https:\/\/linitiative.ca\/International\/wp-json\/wp\/v2\/categories?post=135486"},{"taxonomy":"post_tag","embeddable":true,"href":"https:\/\/linitiative.ca\/International\/wp-json\/wp\/v2\/tags?post=135486"}],"curies":[{"name":"wp","href":"https:\/\/api.w.org\/{rel}","templated":true}]}}