{"id":135530,"date":"2021-12-11T10:33:08","date_gmt":"2021-12-11T15:33:08","guid":{"rendered":"https:\/\/linitiative.ca\/International\/denis-bohoussou-retabli-dans-ses-fonctions-de-directeur-general-de-loapi\/"},"modified":"2021-12-11T10:33:08","modified_gmt":"2021-12-11T15:33:08","slug":"denis-bohoussou-retabli-dans-ses-fonctions-de-directeur-general-de-loapi","status":"publish","type":"post","link":"https:\/\/linitiative.ca\/International\/denis-bohoussou-retabli-dans-ses-fonctions-de-directeur-general-de-loapi\/","title":{"rendered":"Denis Bohoussou r\u00e9tabli dans ses fonctions de Directeur g\u00e9n\u00e9ral de l\u2019Oapi"},"content":{"rendered":"<div>\n<p>L\u2019on peut dire que le ciel nuageux qui planait au-dessus de la t\u00eate de Denis Bouhoussou, commence \u00e0 se dissiper. En effet, suite \u00e0 une d\u00e9cision du conseil d\u2019administration prise dans la nuit du vendredi 10 au samedi 11 d\u00e9cembre, l\u2019Ivoirien a \u00e9t\u00e9 r\u00e9tabli dans ses fonctions de Directeur g\u00e9n\u00e9ral de l\u2019Organisation africaine de la propri\u00e9t\u00e9 intellectuelle (Oapi). \u00ab\u00a0Apr\u00e8s auditions et d\u00e9lib\u00e9rations, le Conseil d\u2019administration a estim\u00e9 que les questions de proc\u00e9dures mises en avant \u00e0 l\u2019\u00e9gard de l\u2019audit par Denis Bouhoussou ne constituaient pas une entrave, ni une r\u00e9bellion \u00e0 l\u2019\u00e9gard de la pr\u00e9sidente du Conseil d\u2019administration\u00a0\u00bb, relaie les confr\u00e8res d\u2019Afrikipresse.<\/p>\n<p><strong>Lire aussi : <a href=\"https:\/\/ecomatin.net\/suspendu-de-ses-fonctions-le-dg-g-de-loapi-conteste-la-decision-de-la-presidente-du-conseil-dadministration\/\">Suspendu de ses fonctions, le DG de l\u2019OAPI conteste la d\u00e9cision de la pr\u00e9sidente du conseil d\u2019administration<\/a><\/strong><\/p>\n<p>Le climat tendu qui a pr\u00e9valu pendant un moment au sein du top management de l\u2019Oapi remonte \u00e0\u00a0\u00a0la suspension de Denis Bohoussou de son poste de DG de l\u2019Oapi, par madame Alimatou Shadiya Asouman, ministre de l\u2019Industrie et du Commerce du Benin, par ailleurs Pr\u00e9sidente en exercice du Conseil d\u2019administration de l\u2019Oapi. La cause? refus \u00ab\u00a0de faire ex\u00e9cuter la d\u00e9cision d\u2019auditer la gestion de l\u2019organisation en vue de clarifier les soup\u00e7ons de mal gouvernance et de malversation financi\u00e8res mettant directement en p\u00e9ril les int\u00e9r\u00eats de l\u2019organisation\u00a0\u00bb, selon dame Alimatou Shadiya Asouman.<\/p>\n<p>Lire aussi : <strong><a href=\"https:\/\/ecomatin.net\/gabriel-dodo-ndoke-vole-au-secours-du-dg-de-loapi-suspendu-de-ses-fonctions\/\">Gabriel Dodo Ndok\u00e9 vole au secours du<\/a> <a href=\"https:\/\/ecomatin.net\/gabriel-dodo-ndoke-vole-au-secours-du-dg-de-loapi-suspendu-de-ses-fonctions\/\">DG de l\u2019OAPI suspendu de ses fonctions<\/a><\/strong><\/p>\n<p>Durant toute p\u00e9riode durant laquelle, Denis Bouhoussou \u00e9tait absent de ses fonctions de Directeur g\u00e9n\u00e9ral, l\u2019int\u00e9rim et la gestion des affaires courantes avaient \u00e9t\u00e9 confi\u00e9 \u00e0 Jean Batiste Wago, Directeur g\u00e9n\u00e9ral adjoint.\u00a0\u00a0<\/p>\n<p>L\u2019article <a rel=\"nofollow\" href=\"https:\/\/ecomatin.net\/denis-bohoussou-retabli-dans-ses-fonctions-de-directeur-general-de-loapi-21\/\">Denis Bohoussou r\u00e9tabli dans ses fonctions de Directeur g\u00e9n\u00e9ral de l\u2019Oapi<\/a> est apparu en premier sur <a rel=\"nofollow\" href=\"https:\/\/ecomatin.net\/\">EcoMatin<\/a>.<\/p>\n<\/div>\n<p>Auteur: Cindy MBALA<br \/>\n<a href=\"https:\/\/ecomatin.net\/denis-bohoussou-retabli-dans-ses-fonctions-de-directeur-general-de-loapi-21\/\">Cliquez ici pour lire l&rsquo;article depuis sa source.<\/a><\/p>\n","protected":false},"excerpt":{"rendered":"<p>L\u2019on peut dire que le ciel nuageux qui planait au-dessus de la t\u00eate de Denis Bouhoussou, commence \u00e0 se dissiper. En effet, suite \u00e0 une d\u00e9cision du conseil d\u2019administration prise dans la nuit du vendredi 10 au samedi 11 d\u00e9cembre, l\u2019Ivoirien a \u00e9t\u00e9 r\u00e9tabli dans ses fonctions de Directeur g\u00e9n\u00e9ral de l\u2019Organisation africaine de la [&hellip;]<\/p>\n","protected":false},"author":1969,"featured_media":0,"comment_status":"closed","ping_status":"closed","sticky":false,"template":"","format":"standard","meta":{"fifu_image_url":"","fifu_image_alt":"","footnotes":""},"categories":[82,78],"tags":[],"class_list":["post-135530","post","type-post","status-publish","format-standard","hentry","category-cameroun","category-economie"],"_links":{"self":[{"href":"https:\/\/linitiative.ca\/International\/wp-json\/wp\/v2\/posts\/135530","targetHints":{"allow":["GET"]}}],"collection":[{"href":"https:\/\/linitiative.ca\/International\/wp-json\/wp\/v2\/posts"}],"about":[{"href":"https:\/\/linitiative.ca\/International\/wp-json\/wp\/v2\/types\/post"}],"author":[{"embeddable":true,"href":"https:\/\/linitiative.ca\/International\/wp-json\/wp\/v2\/users\/1969"}],"replies":[{"embeddable":true,"href":"https:\/\/linitiative.ca\/International\/wp-json\/wp\/v2\/comments?post=135530"}],"version-history":[{"count":0,"href":"https:\/\/linitiative.ca\/International\/wp-json\/wp\/v2\/posts\/135530\/revisions"}],"wp:attachment":[{"href":"https:\/\/linitiative.ca\/International\/wp-json\/wp\/v2\/media?parent=135530"}],"wp:term":[{"taxonomy":"category","embeddable":true,"href":"https:\/\/linitiative.ca\/International\/wp-json\/wp\/v2\/categories?post=135530"},{"taxonomy":"post_tag","embeddable":true,"href":"https:\/\/linitiative.ca\/International\/wp-json\/wp\/v2\/tags?post=135530"}],"curies":[{"name":"wp","href":"https:\/\/api.w.org\/{rel}","templated":true}]}}