{"id":135531,"date":"2021-12-11T10:37:49","date_gmt":"2021-12-11T15:37:49","guid":{"rendered":"https:\/\/linitiative.ca\/International\/production-energetique-la-mise-en-service-de-la-mini-centrale-de-mbakaou-a-nouveau-atermoyee-en-2022\/"},"modified":"2021-12-11T10:37:49","modified_gmt":"2021-12-11T15:37:49","slug":"production-energetique-la-mise-en-service-de-la-mini-centrale-de-mbakaou-a-nouveau-atermoyee-en-2022","status":"publish","type":"post","link":"https:\/\/linitiative.ca\/International\/production-energetique-la-mise-en-service-de-la-mini-centrale-de-mbakaou-a-nouveau-atermoyee-en-2022\/","title":{"rendered":"Production \u00e9nerg\u00e9tique : la mise en service de la mini-centrale de Mbakaou \u00e0 nouveau atermoy\u00e9e en 2022"},"content":{"rendered":"<div>\n<p>La mise en service de la mini-centrale de Mbakaou dans la r\u00e9gion de l\u2019Adamaoua, d\u2019une capacit\u00e9 de 1,4 M\u00e9gawatts, n\u2019aura plus lieu cette ann\u00e9e comme initialement pr\u00e9vu, mais plut\u00f4t en 2022. Il s\u2019agit d\u2019un \u00e9ni\u00e8me report, pour ce projet qui aurait d\u00fb entrer dans sa phase d\u2019op\u00e9rationnalisation depuis fin juin 2021. L\u2019annonce d\u2019un nouvel \u00e9ch\u00e9ancier pour sa mise en service a \u00e9t\u00e9 faite par le premier ministre Chef du gouvernement, Joseph Dion Ngute, lors de la pr\u00e9sentation \u00e0 l\u2019Assembl\u00e9e nationale le 26 novembre dernier du Programme \u00e9conomique, financier, social et culturel du gouvernement l\u2019exercice 2022. En 2022, \u00ab dans le secteur de l\u2019eau et de l\u2019\u00e9nergie, l\u2019activit\u00e9 gouvernementale sera focalis\u00e9e sur les perspectives d\u2019actions ci-apr\u00e8s [\u2026] : mettre en service le mini barrage hydro\u00e9lectrique de Mbakaou-Carri\u00e8re et boucler le d\u00e9veloppement des deux mini-centrales de Bafang et Manjo \u00bb, avait alors d\u00e9clar\u00e9 le chef du gouvernement.<\/p>\n<p><strong>Lire aussi : <a href=\"https:\/\/ecomatin.net\/bgfi-cameroun-prefinance-le-barrage-de-mbakaou-a-hauteurr-de-115-milliard-de-fcfa\/\">BGFI Cameroun pr\u00e9finance le barrage de Mbakaou \u00e0 hauteur de 1,15 milliard de Fcfa<\/a><\/strong><\/p>\n<p>Il officialisait l\u00e0 le nouvel atermoiement de ce projet, alors qu\u2019au mois de f\u00e9vrier 2021, le producteur ind\u00e9pendant d\u2019\u00e9lectricit\u00e9 IED Invest Cameroun en charge du d\u00e9veloppement de cette centrale, avait laiss\u00e9 entendre que projet sera livr\u00e9 \u00e0 la fin du mois de juin 2021. Mais \u00e0 terme, il n\u2019en \u00e9tait rien. Le ministre de l\u2019Eau et de l\u2019Energie, Gaston Eloundou Essomba, lors d\u2019une pl\u00e9ni\u00e8re sp\u00e9ciale \u00e0 l\u2019Assembl\u00e9e nationale en juin dernier, avait fait le point sur les activit\u00e9s du secteur de l\u2019\u00e9lectricit\u00e9 dont il a la charge. Au sujet de la mini-centrale de Mbakaou, il avait laiss\u00e9 entendre que la mise en service de l\u2019infrastructure \u00e9tait d\u00e9sormais envisag\u00e9e pour la fin d\u2019ann\u00e9e 2021.<\/p>\n<p><strong>Lire aussi : <strong><a href=\"https:\/\/ecomatin.net\/la-centrale-hydroelectrique-de-mbakaou-carriere-recoit-2-conduites-forcees\/\">La centrale hydro\u00e9lectrique de Mbakaou Carri\u00e8re re\u00e7oit 2 conduites forc\u00e9es<\/a><\/strong><\/strong><\/p>\n<p>Cette hypoth\u00e8se s\u2019est av\u00e9r\u00e9e finalement tr\u00e8s improbable, le maitre d\u2019\u0153uvre ayant IED l\u2019ayant clairement exprim\u00e9 en octobre dernier sur son site internet. L\u2019entreprise indiquait avoir men\u00e9 le 15 octobre 2021 \u00ab les op\u00e9rations de pr\u00e9-r\u00e9ception de la ligne moyenne tension 30 KV, qui relie sur 39,7 km le site de production \u00e0 la ville de Tibati. A cette p\u00e9riode, la soci\u00e9t\u00e9 assurait \u00eatre \u00e0 la phase d\u2019installation des \u00e9quipements \u00e9lectrom\u00e9caniques et la finalisation des travaux de g\u00e9nie civil. Les \u00ab tests, avec essais en charge et mise en service \u00bb pour le d\u00e9but des op\u00e9rations commerciales \u00e9taient annonc\u00e9es pour \u00e9taient annonc\u00e9s pour novembre. Il va sans dire que le retard accus\u00e9 dans la mise en service de cette mini-centrale va prolonger les rationnements de l\u2019\u00e9lectricit\u00e9 sur le R\u00e9seau Interconnect\u00e9 Nord (RIN), alors qu\u2019elle \u00e9tait cens\u00e9e contribuer \u00e0 juguler les coupures intempestives et contribu\u00e9 \u00e0 am\u00e9liorer l\u2019offre \u00e9nerg\u00e9tique dans les trois r\u00e9gions septentrionales.<\/p>\n<p><strong>Lire aussi : <strong><a href=\"https:\/\/ecomatin.net\/electrification-rurale-600-mw-a-capter-dans-les-petites-centrales-electriques\/\">Electrification rurale : 600 MW \u00e0 capter dans les petites centrales \u00e9lectriques<\/a><\/strong><\/strong><\/p>\n<p>Rappelons que la production de la mini-centrale de Mbakaou sera inject\u00e9e dans le r\u00e9seau du concessionnaire du service public en charge de la distribution de l\u2019\u00e9nergie \u00e9lectrique au Cameroun, l\u2019entreprise Energy of Cameroon (Eneo). L\u2019ouvrage est situ\u00e9 sur le site de Mbakaou-Carri\u00e8re, sur la rivi\u00e8re Djerem, dans la r\u00e9gion de l\u2019Adamaoua. La petite centrale aura \u00e0 terme une puissance de 1,4MW compos\u00e9e de deux groupes de 700KW, pour un productible annuel de 11,2GWh. Les donn\u00e9es du projet r\u00e9v\u00e8lent que, une fois en service, la centrale alimentera en \u00e9nergie environ 300 m\u00e9nages r\u00e9partis dans huit localit\u00e9s dont Mbakaou elle-m\u00eame et Tibati, \u00e0 travers 40 kilom\u00e8tres de r\u00e9seaux \u00e9lectriques en moyenne tension (MT) et basse tension (BT). Investissement d\u2019un montant de 4,5 milliards de FCFA, cette infrastructure extensible \u00e0 2,8 MW b\u00e9n\u00e9ficie du soutien de l\u2019Union europ\u00e9enne depuis 2011 avec une contribution de 1,64 milliard de FCFA.<\/p>\n<p>L\u2019article <a rel=\"nofollow\" href=\"https:\/\/ecomatin.net\/production-energetique-la-mise-en-service-de-la-mini-centrale-de-mbakaou-a-nouveau-atermoyee-en-2022\/\">Production \u00e9nerg\u00e9tique : la mise en service de la mini-centrale de Mbakaou \u00e0 nouveau atermoy\u00e9e en 2022<\/a> est apparu en premier sur <a rel=\"nofollow\" href=\"https:\/\/ecomatin.net\/\">EcoMatin<\/a>.<\/p>\n<\/div>\n<p>Auteur: Yannick KENNE<br \/>\n<a href=\"https:\/\/ecomatin.net\/production-energetique-la-mise-en-service-de-la-mini-centrale-de-mbakaou-a-nouveau-atermoyee-en-2022\/\">Cliquez ici pour lire l&rsquo;article depuis sa source.<\/a><\/p>\n","protected":false},"excerpt":{"rendered":"<p>La mise en service de la mini-centrale de Mbakaou dans la r\u00e9gion de l\u2019Adamaoua, d\u2019une capacit\u00e9 de 1,4 M\u00e9gawatts, n\u2019aura plus lieu cette ann\u00e9e comme initialement pr\u00e9vu, mais plut\u00f4t en 2022. Il s\u2019agit d\u2019un \u00e9ni\u00e8me report, pour ce projet qui aurait d\u00fb entrer dans sa phase d\u2019op\u00e9rationnalisation depuis fin juin 2021. L\u2019annonce d\u2019un nouvel \u00e9ch\u00e9ancier [&hellip;]<\/p>\n","protected":false},"author":1969,"featured_media":0,"comment_status":"closed","ping_status":"closed","sticky":false,"template":"","format":"standard","meta":{"fifu_image_url":"","fifu_image_alt":"","footnotes":""},"categories":[82,78],"tags":[],"class_list":["post-135531","post","type-post","status-publish","format-standard","hentry","category-cameroun","category-economie"],"_links":{"self":[{"href":"https:\/\/linitiative.ca\/International\/wp-json\/wp\/v2\/posts\/135531","targetHints":{"allow":["GET"]}}],"collection":[{"href":"https:\/\/linitiative.ca\/International\/wp-json\/wp\/v2\/posts"}],"about":[{"href":"https:\/\/linitiative.ca\/International\/wp-json\/wp\/v2\/types\/post"}],"author":[{"embeddable":true,"href":"https:\/\/linitiative.ca\/International\/wp-json\/wp\/v2\/users\/1969"}],"replies":[{"embeddable":true,"href":"https:\/\/linitiative.ca\/International\/wp-json\/wp\/v2\/comments?post=135531"}],"version-history":[{"count":0,"href":"https:\/\/linitiative.ca\/International\/wp-json\/wp\/v2\/posts\/135531\/revisions"}],"wp:attachment":[{"href":"https:\/\/linitiative.ca\/International\/wp-json\/wp\/v2\/media?parent=135531"}],"wp:term":[{"taxonomy":"category","embeddable":true,"href":"https:\/\/linitiative.ca\/International\/wp-json\/wp\/v2\/categories?post=135531"},{"taxonomy":"post_tag","embeddable":true,"href":"https:\/\/linitiative.ca\/International\/wp-json\/wp\/v2\/tags?post=135531"}],"curies":[{"name":"wp","href":"https:\/\/api.w.org\/{rel}","templated":true}]}}