{"id":135624,"date":"2021-12-12T11:28:18","date_gmt":"2021-12-12T16:28:18","guid":{"rendered":"https:\/\/linitiative.ca\/International\/secteur-de-lelectricite-lentree-en-service-du-barrage-de-memveele-otage-des-indemnisations\/"},"modified":"2021-12-12T11:28:18","modified_gmt":"2021-12-12T16:28:18","slug":"secteur-de-lelectricite-lentree-en-service-du-barrage-de-memveele-otage-des-indemnisations","status":"publish","type":"post","link":"https:\/\/linitiative.ca\/International\/secteur-de-lelectricite-lentree-en-service-du-barrage-de-memveele-otage-des-indemnisations\/","title":{"rendered":"Secteur de l\u2019\u00e9lectricit\u00e9 : l\u2019entr\u00e9e en service du barrage de Memve\u2019ele otage des indemnisations"},"content":{"rendered":"<div>\n<p>Au mois de juin dernier, au cours d\u2019une pl\u00e9ni\u00e8re sp\u00e9ciale \u00e0 l\u2019Assembl\u00e9e nationale, le ministre de l\u2019Eau et de l\u2019Energie, Gaston Eloundou Essomba, avait annonc\u00e9 la fin des travaux de construction de la ligne de transport du barrage de Memve\u2019ele \u00e0 la fin du mois de septembre 2021, arguant que : \u00ab il ne reste que 5 km de ligne de transport \u00e0 construire sur une longueur totale de 270 km \u00bb. Il ajoutait alors : \u00ab La centrale hydro\u00e9lectrique de Memve\u2019ele injecte d\u00e9j\u00e0 90 MW\/jour dans le R\u00e9seau interconnect\u00e9 Sud. Une fois les travaux de construction de la ligne 225 kV achev\u00e9s d\u2019ici septembre 2021, cette production va passer \u00e0 211 MW \u00bb.<\/p>\n<p>Et pourtant, au 30 septembre, lesdits travaux ne sont toujours pas achev\u00e9s, et le ministre, de nouveau interpell\u00e9 sur cet \u00e9ni\u00e8me atermoiement par les d\u00e9put\u00e9s lors de la session de novembre dernier, a laiss\u00e9 entendre que \u00ab la mise en service compl\u00e8te de cet ouvrage, qui ne produit que 90 MW aujourd\u2019hui, reste tributaire de la fin des travaux de construction de la ligne d\u2019\u00e9vacuation Nyabizan-Yaound\u00e9 dont le taux de r\u00e9alisation est de 92% au 30 septembre 2021. En effet, l\u2019ach\u00e8vement de ces travaux reste subordonn\u00e9 d\u2019une part \u00e0 la signature du d\u00e9cret d\u2019indemnisation dans le Mfoundi et aux payements des indemnisations aux personnes impact\u00e9es sur le corridor de cette ligne, d\u2019autre part \u00bb, a d\u00e9clar\u00e9 le Minee devant les d\u00e9put\u00e9s au cours de la session budg\u00e9taire de novembre. Il va sans dire que cette probl\u00e9matique li\u00e9e aux indemnisations constitue un v\u00e9ritable goulot d\u2019\u00e9tranglement dans le processus de mise en service de ce barrage.<\/p>\n<p><strong>3 milliards d\u2019indemnisations<\/strong><\/p>\n<p>Une partie des personnes \u00e0 indemniser se trouve dans l\u2019arrondissement de Ngomedzap, dans le d\u00e9partement du Nyong et So\u2019o, \u00e0 partir du village Nkolkoumou o\u00f9 les travaux se sont arr\u00eat\u00e9s. Les autres personnes appel\u00e9es \u00e0 lib\u00e9rer les emprises pour permettre au projet de se poursuivre sont install\u00e9es dans la zone p\u00e9riurbaine des d\u00e9partements de la Mefou et Afamba, de la Mefou et Akono et du Mfoundi (plus pr\u00e9cis\u00e9ment dans le village Afanoyo\u2019o, situ\u00e9 dans l\u2019arrondissement de Yaound\u00e9 3e. De source proche de Electricity Development Corporation (EDC), entreprise de patrimoine qui g\u00e8re officiellement le barrage hydro\u00e9lectrique de Memve\u2019ele et ses ouvrages connexes depuis le 04 mai 2020, les d\u00e9crets d\u2019indemnisations pour ce qui est des d\u00e9partements de la Mefou et Afamba et de la Mefou et Akono ont d\u00e9j\u00e0 \u00e9t\u00e9 sign\u00e9s par le Premier ministre. Les m\u00eames sources confient que le d\u00e9cret a \u00e9t\u00e9 pr\u00e9par\u00e9 et transmis au niveau des services du Premier ministre par le minist\u00e8re des Domaines, du Cadastre et des Affaires fonci\u00e8res (Mindcaf), pour ce qui est du d\u00e9partement du Mfoundi qui, \u00e9videmment, devra se tailler la part du lion dans l\u2019enveloppe d\u2019environ 3 milliards Fcfa \u00e0 d\u00e9bloquer pour les indemnisations.En attendant que les pr\u00e9alables administratifs relatifs \u00e0 ce dossier soient remplis, lesquels pr\u00e9alables conditionnent la mobilisation des fonds par Electricity Development Corporation, c\u2019est plus de 120 MW d\u2019\u00e9lectricit\u00e9 qui restent oisifs en pleine for\u00eat \u00e9quatoriale, alors que le pays est confront\u00e9 \u00e0 un d\u00e9ficit \u00e9nerg\u00e9tique d\u2019environ 100 MW par jour. En effet, sur une capacit\u00e9 install\u00e9e de 211 MW, le barrage hydro\u00e9lectrique de Memve\u2019ele \u00e9vacue \u00e0 peine 60 MW vers Yaound\u00e9 depuis 2017, via une ligne provisoire de 90 KV. Cette capacit\u00e9 a \u00e9t\u00e9 relev\u00e9e \u00e0 90 MW depuis l\u2019arriv\u00e9e de EDC, en mai 2020. Pour m\u00e9moire, lanc\u00e9 en 2012, le barrage hydro\u00e9lectrique de Memve\u2019ele dont les travaux sont achev\u00e9s depuis 2017 a co\u00fbt\u00e9 pr\u00e8s de 450 milliards Fcfa.<\/p>\n<p><strong>Yannick Kenne et Jean Omer Eyango<\/strong><\/p>\n<p>L\u2019article <a rel=\"nofollow\" href=\"https:\/\/ecomatin.net\/secteur-de-lelectricite-lentree-en-service-du-barrage-e-de-memveele-otage-des-indemnisations\/\">Secteur de l\u2019\u00e9lectricit\u00e9 : l\u2019entr\u00e9e en service du barrage de Memve\u2019ele otage des indemnisations<\/a> est apparu en premier sur <a rel=\"nofollow\" href=\"https:\/\/ecomatin.net\/\">EcoMatin<\/a>.<\/p>\n<\/div>\n<p>Auteur: EcoMatin<br \/>\n<a href=\"https:\/\/ecomatin.net\/secteur-de-lelectricite-lentree-en-service-du-barrage-e-de-memveele-otage-des-indemnisations\/\">Cliquez ici pour lire l&rsquo;article depuis sa source.<\/a><\/p>\n","protected":false},"excerpt":{"rendered":"<p>Au mois de juin dernier, au cours d\u2019une pl\u00e9ni\u00e8re sp\u00e9ciale \u00e0 l\u2019Assembl\u00e9e nationale, le ministre de l\u2019Eau et de l\u2019Energie, Gaston Eloundou Essomba, avait annonc\u00e9 la fin des travaux de construction de la ligne de transport du barrage de Memve\u2019ele \u00e0 la fin du mois de septembre 2021, arguant que : \u00ab il ne reste [&hellip;]<\/p>\n","protected":false},"author":1969,"featured_media":0,"comment_status":"closed","ping_status":"closed","sticky":false,"template":"","format":"standard","meta":{"fifu_image_url":"","fifu_image_alt":"","footnotes":""},"categories":[82,78],"tags":[],"class_list":["post-135624","post","type-post","status-publish","format-standard","hentry","category-cameroun","category-economie"],"_links":{"self":[{"href":"https:\/\/linitiative.ca\/International\/wp-json\/wp\/v2\/posts\/135624","targetHints":{"allow":["GET"]}}],"collection":[{"href":"https:\/\/linitiative.ca\/International\/wp-json\/wp\/v2\/posts"}],"about":[{"href":"https:\/\/linitiative.ca\/International\/wp-json\/wp\/v2\/types\/post"}],"author":[{"embeddable":true,"href":"https:\/\/linitiative.ca\/International\/wp-json\/wp\/v2\/users\/1969"}],"replies":[{"embeddable":true,"href":"https:\/\/linitiative.ca\/International\/wp-json\/wp\/v2\/comments?post=135624"}],"version-history":[{"count":0,"href":"https:\/\/linitiative.ca\/International\/wp-json\/wp\/v2\/posts\/135624\/revisions"}],"wp:attachment":[{"href":"https:\/\/linitiative.ca\/International\/wp-json\/wp\/v2\/media?parent=135624"}],"wp:term":[{"taxonomy":"category","embeddable":true,"href":"https:\/\/linitiative.ca\/International\/wp-json\/wp\/v2\/categories?post=135624"},{"taxonomy":"post_tag","embeddable":true,"href":"https:\/\/linitiative.ca\/International\/wp-json\/wp\/v2\/tags?post=135624"}],"curies":[{"name":"wp","href":"https:\/\/api.w.org\/{rel}","templated":true}]}}