{"id":135682,"date":"2021-12-13T11:47:00","date_gmt":"2021-12-13T16:47:00","guid":{"rendered":"https:\/\/linitiative.ca\/International\/froid-glacial-et-neige-faut-il-croire-encore-au-changement-climatique\/"},"modified":"2021-12-13T11:47:00","modified_gmt":"2021-12-13T16:47:00","slug":"froid-glacial-et-neige-faut-il-croire-encore-au-changement-climatique","status":"publish","type":"post","link":"https:\/\/linitiative.ca\/International\/froid-glacial-et-neige-faut-il-croire-encore-au-changement-climatique\/","title":{"rendered":"Froid glacial et neige, faut-il croire encore au changement climatique?"},"content":{"rendered":"<div><img decoding=\"async\" src=\"https:\/\/linitiative.ca\/International\/wp-content\/uploads\/sites\/23\/2021\/12\/1639411395_article.jpg\" alt=\"Froid glacial et neige, faut-il croire encore au changement climatique?\" align=\"left\">Par Ridha Bergaoui &#8211; La Tunisie connait ces derniers temps, ainsi que de nombreux pays, une vague de froid glacial, du vent, des pr\u00e9cipitations et\u00a0 de la neige surtout au nord du pays et dans les r\u00e9gions montagneuses.<br \/>\nQuoiqu\u2019il soit normal, en ce d\u00e9but de l\u2019hiver qu\u2019il pleuve et qu\u2019il fasse froid, toutefois, alors qu\u2019on ne cesse de parler du r\u00e9chauffement climatique et du stress hydrique, il semble incoh\u00e9rent de prime \u00e0 bord qu\u2019il fasse aussi froid.<br \/>\ne r\u00e9chauffement climatique ne fait pas encore l\u2019unanimit\u00e9 et partout des climatoseptiques\u00a0 rejettent la th\u00e9orie du r\u00e9chauffement climatique et ses origines.<br \/>\nLa th\u00e9orie du r\u00e9chauffement climatique ne fait pas &#8230;<\/p>\n<\/div>\n<p>Auteur:<br \/>\n<a href=\"https:\/\/www.leaders.com.tn\/article\/32764-froid-glacial-et-neige-faut-il-croire-encore-au-changement-climatique\">Cliquez ici pour lire l&rsquo;article depuis sa source.<\/a><\/p>\n","protected":false},"excerpt":{"rendered":"<p>Par Ridha Bergaoui &#8211; La Tunisie connait ces derniers temps, ainsi que de nombreux pays, une vague de froid glacial, du vent, des pr\u00e9cipitations et\u00a0 de la neige surtout au nord du pays et dans les r\u00e9gions montagneuses. Quoiqu\u2019il soit normal, en ce d\u00e9but de l\u2019hiver qu\u2019il pleuve et qu\u2019il fasse froid, toutefois, alors qu\u2019on [&hellip;]<\/p>\n","protected":false},"author":1772,"featured_media":0,"comment_status":"closed","ping_status":"closed","sticky":false,"template":"","format":"standard","meta":{"fifu_image_url":"http:\/\/www.leaders.com.tn\/uploads\/content\/thumbnails_small\/1639411395_article.jpg","fifu_image_alt":"Froid glacial et neige, faut-il croire encore au changement climatique?","footnotes":""},"categories":[73,55],"tags":[],"class_list":["post-135682","post","type-post","status-publish","format-standard","hentry","category-actualite","category-tunisie"],"_links":{"self":[{"href":"https:\/\/linitiative.ca\/International\/wp-json\/wp\/v2\/posts\/135682","targetHints":{"allow":["GET"]}}],"collection":[{"href":"https:\/\/linitiative.ca\/International\/wp-json\/wp\/v2\/posts"}],"about":[{"href":"https:\/\/linitiative.ca\/International\/wp-json\/wp\/v2\/types\/post"}],"author":[{"embeddable":true,"href":"https:\/\/linitiative.ca\/International\/wp-json\/wp\/v2\/users\/1772"}],"replies":[{"embeddable":true,"href":"https:\/\/linitiative.ca\/International\/wp-json\/wp\/v2\/comments?post=135682"}],"version-history":[{"count":0,"href":"https:\/\/linitiative.ca\/International\/wp-json\/wp\/v2\/posts\/135682\/revisions"}],"wp:attachment":[{"href":"https:\/\/linitiative.ca\/International\/wp-json\/wp\/v2\/media?parent=135682"}],"wp:term":[{"taxonomy":"category","embeddable":true,"href":"https:\/\/linitiative.ca\/International\/wp-json\/wp\/v2\/categories?post=135682"},{"taxonomy":"post_tag","embeddable":true,"href":"https:\/\/linitiative.ca\/International\/wp-json\/wp\/v2\/tags?post=135682"}],"curies":[{"name":"wp","href":"https:\/\/api.w.org\/{rel}","templated":true}]}}