{"id":135690,"date":"2021-12-13T13:44:44","date_gmt":"2021-12-13T18:44:44","guid":{"rendered":"https:\/\/linitiative.ca\/International\/rapatriement-des-marocains-bloques-a-letranger-le-maroc-autorise-a-titre-exceptionnel-certains-vols-de-passagers\/"},"modified":"2021-12-13T13:44:44","modified_gmt":"2021-12-13T18:44:44","slug":"rapatriement-des-marocains-bloques-a-letranger-le-maroc-autorise-a-titre-exceptionnel-certains-vols-de-passagers","status":"publish","type":"post","link":"https:\/\/linitiative.ca\/International\/rapatriement-des-marocains-bloques-a-letranger-le-maroc-autorise-a-titre-exceptionnel-certains-vols-de-passagers\/","title":{"rendered":"Rapatriement des Marocains bloqu\u00e9s \u00e0 l\u2019\u00e9tranger. Le Maroc autorise \u00e0 titre exceptionnel certains vols de passagers"},"content":{"rendered":"<div><img decoding=\"async\" width=\"437\" height=\"283\" src=\"https:\/\/linitiative.ca\/International\/wp-content\/uploads\/sites\/23\/2021\/12\/aeroport-4.jpg\" class=\"attachment-post-thumbnail size-post-thumbnail wp-post-image\" alt=\"\" loading=\"lazy\" srcset=\"https:\/\/linitiative.ca\/International\/wp-content\/uploads\/sites\/23\/2021\/12\/aeroport-4.jpg 437w, https:\/\/www.challenge.ma\/wp-content\/uploads\/2021\/12\/aeroport-4-300x194.jpg 300w, https:\/\/www.challenge.ma\/wp-content\/uploads\/2021\/12\/aeroport-4-360x233.jpg 360w\" sizes=\"auto, (max-width: 437px) 100vw, 437px\" itemprop=\"image\">Afin de permettre le retour au Maroc des citoyens marocains qui r\u00e9sident dans le Royaume et qui ont \u00e9t\u00e9 bloqu\u00e9s \u00e0 la suite de la suspension des vols, les autorit\u00e9s marocaines vont autoriser, \u00e0 titre exceptionnel, des vols de passagers \u00e0 destination du Maroc \u00e0 partir de trois pays, \u00e0<\/div>\n<p>Auteur: challenge<br \/>\n<a href=\"https:\/\/www.challenge.ma\/rapatriement-des-marocains-bloques-a-letranger-le-maroc-autorise-a-titre-exceptionnel-certains-vols-de-passagers-228428\/\">Cliquez ici pour lire l&rsquo;article depuis sa source.<\/a><\/p>\n","protected":false},"excerpt":{"rendered":"<p>Afin de permettre le retour au Maroc des citoyens marocains qui r\u00e9sident dans le Royaume et qui ont \u00e9t\u00e9 bloqu\u00e9s \u00e0 la suite de la suspension des vols, les autorit\u00e9s marocaines vont autoriser, \u00e0 titre exceptionnel, des vols de passagers \u00e0 destination du Maroc \u00e0 partir de trois pays, \u00e0 Auteur: challenge Cliquez ici pour [&hellip;]<\/p>\n","protected":false},"author":1787,"featured_media":0,"comment_status":"closed","ping_status":"closed","sticky":false,"template":"","format":"standard","meta":{"fifu_image_url":"https:\/\/www.challenge.ma\/wp-content\/uploads\/2021\/12\/aeroport-4.jpg","fifu_image_alt":"Rapatriement des Marocains bloqu\u00e9s \u00e0 l\u2019\u00e9tranger. Le Maroc autorise \u00e0 titre exceptionnel certains vols de passagers","footnotes":""},"categories":[78,54],"tags":[],"class_list":["post-135690","post","type-post","status-publish","format-standard","hentry","category-economie","category-maroc"],"_links":{"self":[{"href":"https:\/\/linitiative.ca\/International\/wp-json\/wp\/v2\/posts\/135690","targetHints":{"allow":["GET"]}}],"collection":[{"href":"https:\/\/linitiative.ca\/International\/wp-json\/wp\/v2\/posts"}],"about":[{"href":"https:\/\/linitiative.ca\/International\/wp-json\/wp\/v2\/types\/post"}],"author":[{"embeddable":true,"href":"https:\/\/linitiative.ca\/International\/wp-json\/wp\/v2\/users\/1787"}],"replies":[{"embeddable":true,"href":"https:\/\/linitiative.ca\/International\/wp-json\/wp\/v2\/comments?post=135690"}],"version-history":[{"count":0,"href":"https:\/\/linitiative.ca\/International\/wp-json\/wp\/v2\/posts\/135690\/revisions"}],"wp:attachment":[{"href":"https:\/\/linitiative.ca\/International\/wp-json\/wp\/v2\/media?parent=135690"}],"wp:term":[{"taxonomy":"category","embeddable":true,"href":"https:\/\/linitiative.ca\/International\/wp-json\/wp\/v2\/categories?post=135690"},{"taxonomy":"post_tag","embeddable":true,"href":"https:\/\/linitiative.ca\/International\/wp-json\/wp\/v2\/tags?post=135690"}],"curies":[{"name":"wp","href":"https:\/\/api.w.org\/{rel}","templated":true}]}}