{"id":135692,"date":"2021-12-13T14:47:20","date_gmt":"2021-12-13T19:47:20","guid":{"rendered":"https:\/\/linitiative.ca\/International\/service-militaire-loperation-de-recensement-des-jeunes-est-lancee\/"},"modified":"2021-12-13T14:47:20","modified_gmt":"2021-12-13T19:47:20","slug":"service-militaire-loperation-de-recensement-des-jeunes-est-lancee","status":"publish","type":"post","link":"https:\/\/linitiative.ca\/International\/service-militaire-loperation-de-recensement-des-jeunes-est-lancee\/","title":{"rendered":"Service militaire. L\u2019op\u00e9ration de recensement des jeunes est lanc\u00e9e"},"content":{"rendered":"<div><img decoding=\"async\" width=\"722\" height=\"406\" src=\"https:\/\/linitiative.ca\/International\/wp-content\/uploads\/sites\/23\/2021\/12\/jeunes-militaires.jpg\" class=\"attachment-post-thumbnail size-post-thumbnail wp-post-image\" alt=\"\" loading=\"lazy\" srcset=\"https:\/\/linitiative.ca\/International\/wp-content\/uploads\/sites\/23\/2021\/12\/jeunes-militaires.jpg 722w, https:\/\/www.challenge.ma\/wp-content\/uploads\/2021\/12\/jeunes-militaires-300x169.jpg 300w, https:\/\/www.challenge.ma\/wp-content\/uploads\/2021\/12\/jeunes-militaires-360x202.jpg 360w\" sizes=\"auto, (max-width: 722px) 100vw, 722px\" itemprop=\"image\">L\u2019op\u00e9ration de recensement du service militaire au titre de l\u2019ann\u00e9e 2022 a \u00e9t\u00e9 lanc\u00e9e ce lundi 13 d\u00e9cembre au profit des jeunes \u00e2g\u00e9s entre 19 et 25 ans \u00e0 la date du 16 mai 2022 et qui remplissent les conditions l\u00e9gales requises pour l\u2019exercice du service.Cette op\u00e9ration, qui se poursuivra<\/div>\n<p>Auteur: challenge<br \/>\n<a href=\"https:\/\/www.challenge.ma\/service-militaire-loperation-de-recensement-des-jeunes-a-ete-lancee-228435\/\">Cliquez ici pour lire l&rsquo;article depuis sa source.<\/a><\/p>\n","protected":false},"excerpt":{"rendered":"<p>L\u2019op\u00e9ration de recensement du service militaire au titre de l\u2019ann\u00e9e 2022 a \u00e9t\u00e9 lanc\u00e9e ce lundi 13 d\u00e9cembre au profit des jeunes \u00e2g\u00e9s entre 19 et 25 ans \u00e0 la date du 16 mai 2022 et qui remplissent les conditions l\u00e9gales requises pour l\u2019exercice du service.Cette op\u00e9ration, qui se poursuivra Auteur: challenge Cliquez ici pour [&hellip;]<\/p>\n","protected":false},"author":1787,"featured_media":0,"comment_status":"closed","ping_status":"closed","sticky":false,"template":"","format":"standard","meta":{"fifu_image_url":"https:\/\/www.challenge.ma\/wp-content\/uploads\/2021\/12\/jeunes-militaires.jpg","fifu_image_alt":"Service militaire. L\u2019op\u00e9ration de recensement des jeunes est lanc\u00e9e","footnotes":""},"categories":[78,54],"tags":[],"class_list":["post-135692","post","type-post","status-publish","format-standard","hentry","category-economie","category-maroc"],"_links":{"self":[{"href":"https:\/\/linitiative.ca\/International\/wp-json\/wp\/v2\/posts\/135692","targetHints":{"allow":["GET"]}}],"collection":[{"href":"https:\/\/linitiative.ca\/International\/wp-json\/wp\/v2\/posts"}],"about":[{"href":"https:\/\/linitiative.ca\/International\/wp-json\/wp\/v2\/types\/post"}],"author":[{"embeddable":true,"href":"https:\/\/linitiative.ca\/International\/wp-json\/wp\/v2\/users\/1787"}],"replies":[{"embeddable":true,"href":"https:\/\/linitiative.ca\/International\/wp-json\/wp\/v2\/comments?post=135692"}],"version-history":[{"count":0,"href":"https:\/\/linitiative.ca\/International\/wp-json\/wp\/v2\/posts\/135692\/revisions"}],"wp:attachment":[{"href":"https:\/\/linitiative.ca\/International\/wp-json\/wp\/v2\/media?parent=135692"}],"wp:term":[{"taxonomy":"category","embeddable":true,"href":"https:\/\/linitiative.ca\/International\/wp-json\/wp\/v2\/categories?post=135692"},{"taxonomy":"post_tag","embeddable":true,"href":"https:\/\/linitiative.ca\/International\/wp-json\/wp\/v2\/tags?post=135692"}],"curies":[{"name":"wp","href":"https:\/\/api.w.org\/{rel}","templated":true}]}}