{"id":135704,"date":"2021-12-13T10:37:48","date_gmt":"2021-12-13T15:37:48","guid":{"rendered":"https:\/\/linitiative.ca\/International\/france-burkina-la-cooperation-militaire-en-discussion\/"},"modified":"2021-12-13T10:37:48","modified_gmt":"2021-12-13T15:37:48","slug":"france-burkina-la-cooperation-militaire-en-discussion","status":"publish","type":"post","link":"https:\/\/linitiative.ca\/International\/france-burkina-la-cooperation-militaire-en-discussion\/","title":{"rendered":"France-Burkina : la coop\u00e9ration militaire en discussion"},"content":{"rendered":"<div>\n<div class=\"kvgmc6g5 cxmmr5t8 oygrvhab hcukyx3x c1et5uql ii04i59q\">\n<div dir=\"auto\">(Ouagadougou, 13 d\u00e9cembre 2021) le pr\u00e9sident du Faso Roch Marc Christian Kabor\u00e9 a eu une s\u00e9ance de travail ce matin avec l\u2019ambassadeur de France au Burkina Faso, accompagn\u00e9 du directeur Afrique du Quai d\u2019Orsay Christophe Bigot, et d\u2019une d\u00e9l\u00e9gation d\u2019officiers g\u00e9n\u00e9raux fran\u00e7ais. Le chef de l\u2019Etat \u00e9tait entour\u00e9 des ministres en charge de la d\u00e9fense et de la s\u00e9curit\u00e9, ainsi que du chef d\u2019Etat-major g\u00e9n\u00e9ral des arm\u00e9es et son adjoint. Cette s\u00e9ance a \u00e9t\u00e9 suivie d\u2019une autre s\u00e9ance de travail, \u00e9largie \u00e0 diff\u00e9rents acteurs civils et militaires des deux d\u00e9l\u00e9gations.<\/div>\n<\/div>\n<div class=\"cxmmr5t8 oygrvhab hcukyx3x c1et5uql o9v6fnle ii04i59q\">\n<div dir=\"auto\">Les \u00e9changes ont port\u00e9 sur la coop\u00e9ration militaire dans le contexte actuel de recrudescence des attaques terroristes contre notre pays. Les parties ont examin\u00e9 les axes de coop\u00e9ration possible pour plus d\u2019efficacit\u00e9 de la r\u00e9ponse militaire face au terrorisme.<\/div>\n<div dir=\"auto\">Le 11 d\u00e9cembre dernier \u00e0 l\u2019occasion de son entretien radio-t\u00e9l\u00e9vis\u00e9, le pr\u00e9sident du Faso avait annonc\u00e9 pour \u00ab bient\u00f4t \u00bb la tenue de cette rencontre pour dit-il \u00ab d\u00e9finir la cadre dans lequel nous allons travailler avec la France \u00bb.<\/div>\n<\/div>\n<div class=\"cxmmr5t8 oygrvhab hcukyx3x c1et5uql o9v6fnle ii04i59q\">\n<div dir=\"auto\">Direction de la communication de la pr\u00e9sidence du Faso<\/div>\n<\/div>\n<p>L\u2019article <a rel=\"nofollow\" href=\"https:\/\/www.sidwaya.info\/blog\/2021\/12\/13\/france-burkina-la-cooperation-militaire-en-discussion\/\">France-Burkina : la coop\u00e9ration militaire en discussion<\/a> est apparu en premier sur <a rel=\"nofollow\" href=\"https:\/\/www.sidwaya.info\/\">Quotidien Sidwaya<\/a>.<\/p>\n<\/div>\n<p>Auteur: BS. Sidwaya<br \/>\n<a href=\"https:\/\/www.sidwaya.info\/blog\/2021\/12\/13\/france-burkina-la-cooperation-militaire-en-discussion\/\">Cliquez ici pour lire l&rsquo;article depuis sa source.<\/a><\/p>\n","protected":false},"excerpt":{"rendered":"<p>(Ouagadougou, 13 d\u00e9cembre 2021) le pr\u00e9sident du Faso Roch Marc Christian Kabor\u00e9 a eu une s\u00e9ance de travail ce matin avec l\u2019ambassadeur de France au Burkina Faso, accompagn\u00e9 du directeur Afrique du Quai d\u2019Orsay Christophe Bigot, et d\u2019une d\u00e9l\u00e9gation d\u2019officiers g\u00e9n\u00e9raux fran\u00e7ais. Le chef de l\u2019Etat \u00e9tait entour\u00e9 des ministres en charge de la d\u00e9fense [&hellip;]<\/p>\n","protected":false},"author":1816,"featured_media":0,"comment_status":"closed","ping_status":"closed","sticky":false,"template":"","format":"standard","meta":{"fifu_image_url":"","fifu_image_alt":"","footnotes":""},"categories":[73,81],"tags":[],"class_list":["post-135704","post","type-post","status-publish","format-standard","hentry","category-actualite","category-burkina-faso"],"_links":{"self":[{"href":"https:\/\/linitiative.ca\/International\/wp-json\/wp\/v2\/posts\/135704","targetHints":{"allow":["GET"]}}],"collection":[{"href":"https:\/\/linitiative.ca\/International\/wp-json\/wp\/v2\/posts"}],"about":[{"href":"https:\/\/linitiative.ca\/International\/wp-json\/wp\/v2\/types\/post"}],"author":[{"embeddable":true,"href":"https:\/\/linitiative.ca\/International\/wp-json\/wp\/v2\/users\/1816"}],"replies":[{"embeddable":true,"href":"https:\/\/linitiative.ca\/International\/wp-json\/wp\/v2\/comments?post=135704"}],"version-history":[{"count":0,"href":"https:\/\/linitiative.ca\/International\/wp-json\/wp\/v2\/posts\/135704\/revisions"}],"wp:attachment":[{"href":"https:\/\/linitiative.ca\/International\/wp-json\/wp\/v2\/media?parent=135704"}],"wp:term":[{"taxonomy":"category","embeddable":true,"href":"https:\/\/linitiative.ca\/International\/wp-json\/wp\/v2\/categories?post=135704"},{"taxonomy":"post_tag","embeddable":true,"href":"https:\/\/linitiative.ca\/International\/wp-json\/wp\/v2\/tags?post=135704"}],"curies":[{"name":"wp","href":"https:\/\/api.w.org\/{rel}","templated":true}]}}