{"id":135720,"date":"2021-12-13T11:59:06","date_gmt":"2021-12-13T16:59:06","guid":{"rendered":"https:\/\/linitiative.ca\/International\/zone-cemac-le-taux-de-croissance-envisage-a-33-en-2022\/"},"modified":"2021-12-13T11:59:06","modified_gmt":"2021-12-13T16:59:06","slug":"zone-cemac-le-taux-de-croissance-envisage-a-33-en-2022","status":"publish","type":"post","link":"https:\/\/linitiative.ca\/International\/zone-cemac-le-taux-de-croissance-envisage-a-33-en-2022\/","title":{"rendered":"Zone Cemac : le taux de croissance envisag\u00e9 \u00e0 3,3%  en 2022"},"content":{"rendered":"<div>\n<p>Le mercredi 8 d\u00e9cembre, s\u2019est tenue par visioconf\u00e9rence, la 37\u00e8me session ordinaire du Conseil des ministres de l\u2019Union \u00e9conomique d\u2019Afrique Centrale (Ueac). La c\u00e9r\u00e9monie du jour \u00e9tait alors pr\u00e9sid\u00e9e par le ministre Camerounais de l\u2019Economie, de la planification et de l\u2019am\u00e9nagement du territoire (Minepat), Alamine Ousmane Mey, par ailleurs pr\u00e9sident en exercice du Conseil des ministres de l\u2019Ueac.<\/p>\n<p><strong>Lire aussi<\/strong> : <strong><a href=\"https:\/\/ecomatin.net\/cemac-les-etats-membres-tablent-sur-un-budget-en-hausse-de-53-en-2022\/\">Cemac : les Etats membres tablent sur un budget en hausse de 5,3% en 2022<\/a><\/strong><\/p>\n<p>L\u2019un des points saillants \u00e0 l\u2019ordre du jour de cette rencontre \u00e9tait l\u2019adoption du budget de la Commission pour l\u2019exercice 2022. Malheureusement cela n\u2019a pas \u00e9t\u00e9 le cas et l\u2019adoption dudit budget a \u00e9t\u00e9 renvoy\u00e9e \u00e0 f\u00e9vrier de la m\u00eame ann\u00e9e. \u00ab\u00a0Le plat de r\u00e9sistance de cette 37<sup>e<\/sup>\u00a0session des ministres de l\u2019Ueac \u00e9tait l\u2019adoption du budget de la communaut\u00e9 pour l\u2019exercice 2022. Mais les ministres ont estim\u00e9 \u00e0 juste titres, qu\u2019ils avaient besoin d\u2019autres \u00e9l\u00e9ments pour pouvoir appr\u00e9cier\u00a0\u00bb, a laiss\u00e9 entendre le Pr\u00e9sident de la Cemac Pr Daniel Ona Ondo, au terme des travaux. Cependant, le budget sollicit\u00e9 par la Commission de la Cemac est arr\u00eat\u00e9 en recettes et en d\u00e9penses \u00e0 94,208 milliards de Fcfa contre 89,224 milliards de Fcfa en 2021, soit une hausse de 5,59%. Une hausse justifi\u00e9e par \u00ab la prise en comptes des indemnit\u00e9s de fin de mandants et \u00e0 l\u2019apurement de certaines dettes envers nos partenaires de rangs comme l\u2019Union europ\u00e9enne \u00bb, explique le Pr. Daniel Ona Ondo, dans son allocution du jour. Un budget qui \u00ab tient compte de la diversification et de la transformation structurelle de nos \u00e9conomies. Jusque-l\u00e0 de l\u2019arrachement explosif \u00e0 la volatilit\u00e9 et aux fluctuations des cours des mati\u00e8res premi\u00e8res au niveau international, parce que nos \u00e9conomies produisent essentiellement des mati\u00e8res premi\u00e8res brutes \u00bb, Alamine Ousmane Mey.<\/p>\n<p><strong>Lire aussi<\/strong> : <strong><a href=\"https:\/\/ecomatin.net\/le-budget-de-la-commission-cemac-augmentera-de-56-en-2022\/\">Le budget de la Commission Cemac augmentera de 5,6% en 2022<\/a><\/strong><\/p>\n<p>Ce budget s\u2019ex\u00e9cutera dans un contexte \u00e9conomique toujours marqu\u00e9 par plusieurs d\u00e9fis auxquels font face la sous-r\u00e9gion : la pand\u00e9mie \u00e0 Coronavirus qui avait entrain\u00e9 lors de sa survenue une r\u00e9cession de l\u2019\u00e9conomie mondiale et les conflits s\u00e9curitaire. N\u00e9anmoins, on table sur des perspectives macro\u00e9conomiques favorables. \u00ab Malgr\u00e9 tout, la croissance repartirait \u00e0 la hausse pour atteindre 1,6% en 2021 et 3,3% en 2022 apr\u00e8s une r\u00e9cession de 1,7% en 2020 \u00bb, a laiss\u00e9 entendre le Pr Daniel Ona Ondo. Sur le moyen terme donc \u00ab la reprise amorc\u00e9e en 2021 devrait se maintenir entre 2022 et 2024, dans un contexte de recul de l\u2019incertitude au niveau mondial gr\u00e2ce aux avanc\u00e9es de la vaccination contre la Covid19, associ\u00e9 aux gains \u00e0 tirer des reformes structurelles engag\u00e9es dans le cadre du Pref-Cemac et des programmes de seconde g\u00e9n\u00e9ration avec le FMI \u00bb, a-t-il ajout\u00e9.<\/p>\n<p><strong>Lire aussi<\/strong> : <strong><a href=\"https:\/\/ecomatin.net\/cemac-les-operateurs-de-telephonie-mobiles-ont-30-jours-pour-supprimer-les-frais-de-roaming\/\" target=\"_blank\" rel=\"noreferrer noopener\">Cemac : les op\u00e9rateurs de t\u00e9l\u00e9phonie mobiles ont 30 jours pour supprimer les frais de roaming<\/a><\/strong><\/p>\n<p>Le budget de la Cemac, se veut donc d\u2019un \u00ab r\u00e9alisme certain \u00bb et refl\u00e8te la consid\u00e9ration de cinq faits prioritaires. Il s\u2019agit du renforcement du recouvrement de la Taxe communautaire d\u2019int\u00e9gration, principale source de financement de la communaut\u00e9 la mobilisation plus accrue des financements ext\u00e9rieurs ; l\u2019am\u00e9lioration du recouvrement des recettes propres par la mise en place de nouveaux m\u00e9canismes de financement dont les institutions sp\u00e9cialis\u00e9es de formation ; la r\u00e9duction et l\u2019encadrement des charges de fonctionnement, et les prochaines lois de finances des Etats qui seront \u00ab sauf retour \u00e0 meilleur fortune \u00bb,nettement plus aust\u00e8res.<\/p>\n<p>L\u2019article <a rel=\"nofollow\" href=\"https:\/\/ecomatin.net\/zone-cemac-le-taux-de-croissance-envisage-a-33-en-2022\/\">Zone Cemac : le taux de croissance envisag\u00e9 \u00e0 3,3%  en 2022<\/a> est apparu en premier sur <a rel=\"nofollow\" href=\"https:\/\/ecomatin.net\/\">EcoMatin<\/a>.<\/p>\n<\/div>\n<p>Auteur: Cindy MBALA<br \/>\n<a href=\"https:\/\/ecomatin.net\/zone-cemac-le-taux-de-croissance-envisage-a-33-en-2022\/\">Cliquez ici pour lire l&rsquo;article depuis sa source.<\/a><\/p>\n","protected":false},"excerpt":{"rendered":"<p>Le mercredi 8 d\u00e9cembre, s\u2019est tenue par visioconf\u00e9rence, la 37\u00e8me session ordinaire du Conseil des ministres de l\u2019Union \u00e9conomique d\u2019Afrique Centrale (Ueac). La c\u00e9r\u00e9monie du jour \u00e9tait alors pr\u00e9sid\u00e9e par le ministre Camerounais de l\u2019Economie, de la planification et de l\u2019am\u00e9nagement du territoire (Minepat), Alamine Ousmane Mey, par ailleurs pr\u00e9sident en exercice du Conseil des [&hellip;]<\/p>\n","protected":false},"author":1969,"featured_media":0,"comment_status":"closed","ping_status":"closed","sticky":false,"template":"","format":"standard","meta":{"fifu_image_url":"","fifu_image_alt":"","footnotes":""},"categories":[82,78],"tags":[],"class_list":["post-135720","post","type-post","status-publish","format-standard","hentry","category-cameroun","category-economie"],"_links":{"self":[{"href":"https:\/\/linitiative.ca\/International\/wp-json\/wp\/v2\/posts\/135720","targetHints":{"allow":["GET"]}}],"collection":[{"href":"https:\/\/linitiative.ca\/International\/wp-json\/wp\/v2\/posts"}],"about":[{"href":"https:\/\/linitiative.ca\/International\/wp-json\/wp\/v2\/types\/post"}],"author":[{"embeddable":true,"href":"https:\/\/linitiative.ca\/International\/wp-json\/wp\/v2\/users\/1969"}],"replies":[{"embeddable":true,"href":"https:\/\/linitiative.ca\/International\/wp-json\/wp\/v2\/comments?post=135720"}],"version-history":[{"count":0,"href":"https:\/\/linitiative.ca\/International\/wp-json\/wp\/v2\/posts\/135720\/revisions"}],"wp:attachment":[{"href":"https:\/\/linitiative.ca\/International\/wp-json\/wp\/v2\/media?parent=135720"}],"wp:term":[{"taxonomy":"category","embeddable":true,"href":"https:\/\/linitiative.ca\/International\/wp-json\/wp\/v2\/categories?post=135720"},{"taxonomy":"post_tag","embeddable":true,"href":"https:\/\/linitiative.ca\/International\/wp-json\/wp\/v2\/tags?post=135720"}],"curies":[{"name":"wp","href":"https:\/\/api.w.org\/{rel}","templated":true}]}}