{"id":135745,"date":"2021-12-14T04:16:27","date_gmt":"2021-12-14T09:16:27","guid":{"rendered":"https:\/\/linitiative.ca\/International\/un-nouveau-centre-dhemodialyse-ouvre-ses-portes-a-ouirgane\/"},"modified":"2021-12-14T04:16:27","modified_gmt":"2021-12-14T09:16:27","slug":"un-nouveau-centre-dhemodialyse-ouvre-ses-portes-a-ouirgane","status":"publish","type":"post","link":"https:\/\/linitiative.ca\/International\/un-nouveau-centre-dhemodialyse-ouvre-ses-portes-a-ouirgane\/","title":{"rendered":"Un nouveau Centre d\u2019h\u00e9modialyse ouvre ses portes \u00e0 Ouirgane"},"content":{"rendered":"<div>\n<div style=\"margin-bottom:20px;\"><img loading=\"lazy\" decoding=\"async\" width=\"750\" height=\"430\" src=\"https:\/\/linitiative.ca\/International\/wp-content\/uploads\/sites\/23\/2021\/12\/hC3A9modial-copier.jpg\" class=\"attachment-post-thumbnail size-post-thumbnail wp-post-image\" alt=\"\" srcset=\"https:\/\/linitiative.ca\/International\/wp-content\/uploads\/sites\/23\/2021\/12\/hC3A9modial-copier.jpg 750w, https:\/\/www.mapmarrakech.ma\/map\/uploads\/2021\/12\/h\u00e9modial-copier-300x172.jpg 300w\" sizes=\"auto, (max-width: 750px) 100vw, 750px\"><\/div>\n<p>Le Centre d\u2019h\u00e9modialyse \u00ab\u00a0Amal Marigha\u00a0\u00bb, dont la c\u00e9r\u00e9monie d\u2019inauguration a \u00e9t\u00e9 rehauss\u00e9e par la pr\u00e9sence notamment, du gouverneur de la province, M. Rachid Benchikhi, permettra aux habitants de profiter des meilleures conditions d\u2019acc\u00e8s aux soins dans une commune r\u00e9put\u00e9e par la pr\u00e9dominance de ses zones rurales et montagneuses.<\/p>\n<p>D\u2019un montant total de 1,2 million de DH, cette structure de sant\u00e9 r\u00e9alis\u00e9e dans le cadre d\u2019un partenariat entre le minist\u00e8re de la Sant\u00e9 et de la Protection Sociale, le minist\u00e8re des Habous et des Affaires Islamiques et la Fondation Amal, a pour objectif de permettre aux patients d\u2019\u00e9viter les listes d\u2019attente et les d\u00e9placements vers d\u2019autres villes (Tahanaout, Marrakech, El Kela\u00e2t des Sraghna\u2026) pour se soigner;<\/p>\n<p>Il se propose de m\u00eame de donner de l\u2019espoir \u00e0 une cat\u00e9gorie particuli\u00e8re de patients, qui sont dans l\u2019incapacit\u00e9 de supporter les co\u00fbts trop \u00e9lev\u00e9s des soins m\u00e9dicaux r\u00e9guliers et permanents..<\/p>\n<p>Ce Centre, qui pourra accueillir jusqu\u2019\u00e0 30 patients atteints d\u2019insuffisance r\u00e9nale, comprend une salle d\u2019accueil, une salle de consultations et d\u2019h\u00e9modialyse, une salle pour le traitement d\u2019eau, ainsi que des d\u00e9pendances administratives.<\/p>\n<p>Fruit de la conjugaison des efforts de plusieurs parties prenantes, notamment l\u2019Initiative Nationale pour le D\u00e9veloppement Humain (INDH), la Fondation Amal et le minist\u00e8re de la Sant\u00e9 et de la Protection Sociale, et le minist\u00e8re des Habous et des Affaires Islamiques, le Centre d\u2019H\u00e9modialyse Amal Marigha traduit cet engagement collectif en faveur du d\u00e9veloppement du secteur de la sant\u00e9, en particulier dans le monde rural, compte tenu de son impact positif sur la population, notamment dans un contexte actuel particulier, engendr\u00e9 par la pand\u00e9mie du nouveau coronavirus (Covid-19).<\/p>\n<p>\u00ab\u00a0Nous avons assist\u00e9 aujourd\u2019hui \u00e0 l\u2019inauguration du vingt-troisi\u00e8me centre au niveau national, qui offre des services d\u2019h\u00e9modialyse, malgr\u00e9 le contexte sanitaire exceptionnel li\u00e9e \u00e0 la pand\u00e9mie de la Covid-19\u00a0\u00bb, a soulign\u00e9 M. Mustapha Faouzi, directeur de la Fondation Amal, dans une d\u00e9claration \u00e0 M24, la cha\u00eene t\u00e9l\u00e9vis\u00e9e de l\u2019information en continu de la MAP.<\/p>\n<p>Faisant savoir que le Centre d\u2019H\u00e9modialyse Amal Marigha est situ\u00e9 dans une commune r\u00e9put\u00e9e par la pr\u00e9dominance des zones rurales et montagneuses, qui sont priv\u00e9es de ce type de services, M. Faouzi a relev\u00e9 que cette structure de sant\u00e9 est la quatri\u00e8me du genre dans la r\u00e9gion Marrakech-Safi, apr\u00e8s les Centres de Sidi Youssef Ben Ali, d\u2019Imintanoute et de Sidi Amara.<\/p>\n<p>Il a, par ailleurs, soulign\u00e9 la n\u00e9cessit\u00e9 de rapprocher les services d\u2019h\u00e9modialyse des personnes atteintes d\u2019insuffisance r\u00e9nale, afin d\u2019all\u00e9ger leurs souffrances, avant et apr\u00e8s les s\u00e9ances de traitement, se f\u00e9licitant, dans ce sens, du soutien de l\u2019Initiative Nationale pour le D\u00e9veloppement Humain (INDH) \u00e0 ces efforts.<\/p>\n<p>Pour sa part, le D\u00e9l\u00e9gu\u00e9 provincial de la Sant\u00e9 et de la Protection Sociale \u00e0 Al Haouz, M. Mustapha Jader, a soulign\u00e9 l\u2019importance de cette structure sanitaire, qui s\u2019inscrit dans le cadre des programmes men\u00e9s par le minist\u00e8re de tutelle au niveau de la province visant \u00e0 rapprocher les services sanitaires et hospitaliers des citoyens en milieu rural, saluant, au passage, le partenariat engag\u00e9 entre le minist\u00e8re et les associations de la soci\u00e9t\u00e9 civile \u0153uvrant dans ce domaine.<\/p>\n<p>The post <a rel=\"nofollow\" href=\"https:\/\/www.mapmarrakech.ma\/fr\/un-nouveau-centre-dhemodialyse-ouvre-ses-portes-a-ouirgane\/\">Un nouveau Centre d\u2019h\u00e9modialyse ouvre ses portes \u00e0 Ouirgane<\/a> appeared first on <a rel=\"nofollow\" href=\"https:\/\/www.mapmarrakech.ma\/fr\">MapMarrakech<\/a>.<\/p>\n<\/div>\n<p>Auteur: Meriem IGASS<br \/>\n<a href=\"https:\/\/www.mapmarrakech.ma\/fr\/un-nouveau-centre-dhemodialyse-ouvre-ses-portes-a-ouirgane\/\">Cliquez ici pour lire l&rsquo;article depuis sa source.<\/a><\/p>\n","protected":false},"excerpt":{"rendered":"<p>Le Centre d\u2019h\u00e9modialyse \u00ab\u00a0Amal Marigha\u00a0\u00bb, dont la c\u00e9r\u00e9monie d\u2019inauguration a \u00e9t\u00e9 rehauss\u00e9e par la pr\u00e9sence notamment, du gouverneur de la province, M. Rachid Benchikhi, permettra aux habitants de profiter des meilleures conditions d\u2019acc\u00e8s aux soins dans une commune r\u00e9put\u00e9e par la pr\u00e9dominance de ses zones rurales et montagneuses. D\u2019un montant total de 1,2 million de [&hellip;]<\/p>\n","protected":false},"author":1788,"featured_media":0,"comment_status":"closed","ping_status":"closed","sticky":false,"template":"","format":"standard","meta":{"fifu_image_url":"https:\/\/www.mapmarrakech.ma\/map\/uploads\/2021\/12\/h\u00e9modial-copier.jpg","fifu_image_alt":"Un nouveau Centre d\u2019h\u00e9modialyse ouvre ses portes \u00e0 Ouirgane","footnotes":""},"categories":[54,76],"tags":[],"class_list":["post-135745","post","type-post","status-publish","format-standard","hentry","category-maroc","category-regions"],"_links":{"self":[{"href":"https:\/\/linitiative.ca\/International\/wp-json\/wp\/v2\/posts\/135745","targetHints":{"allow":["GET"]}}],"collection":[{"href":"https:\/\/linitiative.ca\/International\/wp-json\/wp\/v2\/posts"}],"about":[{"href":"https:\/\/linitiative.ca\/International\/wp-json\/wp\/v2\/types\/post"}],"author":[{"embeddable":true,"href":"https:\/\/linitiative.ca\/International\/wp-json\/wp\/v2\/users\/1788"}],"replies":[{"embeddable":true,"href":"https:\/\/linitiative.ca\/International\/wp-json\/wp\/v2\/comments?post=135745"}],"version-history":[{"count":0,"href":"https:\/\/linitiative.ca\/International\/wp-json\/wp\/v2\/posts\/135745\/revisions"}],"wp:attachment":[{"href":"https:\/\/linitiative.ca\/International\/wp-json\/wp\/v2\/media?parent=135745"}],"wp:term":[{"taxonomy":"category","embeddable":true,"href":"https:\/\/linitiative.ca\/International\/wp-json\/wp\/v2\/categories?post=135745"},{"taxonomy":"post_tag","embeddable":true,"href":"https:\/\/linitiative.ca\/International\/wp-json\/wp\/v2\/tags?post=135745"}],"curies":[{"name":"wp","href":"https:\/\/api.w.org\/{rel}","templated":true}]}}