{"id":135802,"date":"2021-12-14T16:30:39","date_gmt":"2021-12-14T21:30:39","guid":{"rendered":"https:\/\/linitiative.ca\/International\/tunisie-derniere-minute-les-vacances-dhiver-debuteront-ce-samedi\/"},"modified":"2021-12-14T16:30:39","modified_gmt":"2021-12-14T21:30:39","slug":"tunisie-derniere-minute-les-vacances-dhiver-debuteront-ce-samedi","status":"publish","type":"post","link":"https:\/\/linitiative.ca\/International\/tunisie-derniere-minute-les-vacances-dhiver-debuteront-ce-samedi\/","title":{"rendered":"Tunisie \u2013 DERNIERE MINUTE\u00a0: Les vacances d\u2019hiver d\u00e9buteront ce samedi"},"content":{"rendered":"<div>\n<p>Le gouvernement a d\u00e9cid\u00e9 de commencer les vacances d\u2019hiver pour les \u00e9l\u00e8ves et \u00e9tudiants, \u00e0 partir de ce samedi 18 d\u00e9cembre, au lieu du lundi 20 d\u00e9cembre. Cette d\u00e9cision a \u00e9t\u00e9 prise lors d\u2019un conseil minist\u00e9riel d\u00e9di\u00e9 \u00e0 la situation sanitaire dans le pays, pr\u00e9sid\u00e9e par Najla Bouden.<\/p>\n<p>L\u2019article <a href=\"https:\/\/www.tunisienumerique.com\/tunisie-derniere-minute-les-vacances-dhiver-debuteront-ce-samedi\/\">Tunisie \u2013 DERNIERE MINUTE\u00a0: Les vacances d\u2019hiver d\u00e9buteront ce samedi<\/a> est apparu en premier sur <a href=\"https:\/\/www.tunisienumerique.com\/\">Tunisie<\/a>.<\/p>\n<\/div>\n<p>Auteur: LM<br \/>\n<a href=\"https:\/\/www.tunisienumerique.com\/tunisie-derniere-minute-les-vacances-dhiver-debuteront-ce-samedi\/\">Cliquez ici pour lire l&rsquo;article depuis sa source.<\/a><\/p>\n","protected":false},"excerpt":{"rendered":"<p>Le gouvernement a d\u00e9cid\u00e9 de commencer les vacances d\u2019hiver pour les \u00e9l\u00e8ves et \u00e9tudiants, \u00e0 partir de ce samedi 18 d\u00e9cembre, au lieu du lundi 20 d\u00e9cembre. Cette d\u00e9cision a \u00e9t\u00e9 prise lors d\u2019un conseil minist\u00e9riel d\u00e9di\u00e9 \u00e0 la situation sanitaire dans le pays, pr\u00e9sid\u00e9e par Najla Bouden. L\u2019article Tunisie \u2013 DERNIERE MINUTE\u00a0: Les vacances [&hellip;]<\/p>\n","protected":false},"author":1789,"featured_media":0,"comment_status":"closed","ping_status":"closed","sticky":false,"template":"","format":"standard","meta":{"fifu_image_url":"","fifu_image_alt":"","footnotes":""},"categories":[73,55],"tags":[],"class_list":["post-135802","post","type-post","status-publish","format-standard","hentry","category-actualite","category-tunisie"],"_links":{"self":[{"href":"https:\/\/linitiative.ca\/International\/wp-json\/wp\/v2\/posts\/135802","targetHints":{"allow":["GET"]}}],"collection":[{"href":"https:\/\/linitiative.ca\/International\/wp-json\/wp\/v2\/posts"}],"about":[{"href":"https:\/\/linitiative.ca\/International\/wp-json\/wp\/v2\/types\/post"}],"author":[{"embeddable":true,"href":"https:\/\/linitiative.ca\/International\/wp-json\/wp\/v2\/users\/1789"}],"replies":[{"embeddable":true,"href":"https:\/\/linitiative.ca\/International\/wp-json\/wp\/v2\/comments?post=135802"}],"version-history":[{"count":0,"href":"https:\/\/linitiative.ca\/International\/wp-json\/wp\/v2\/posts\/135802\/revisions"}],"wp:attachment":[{"href":"https:\/\/linitiative.ca\/International\/wp-json\/wp\/v2\/media?parent=135802"}],"wp:term":[{"taxonomy":"category","embeddable":true,"href":"https:\/\/linitiative.ca\/International\/wp-json\/wp\/v2\/categories?post=135802"},{"taxonomy":"post_tag","embeddable":true,"href":"https:\/\/linitiative.ca\/International\/wp-json\/wp\/v2\/tags?post=135802"}],"curies":[{"name":"wp","href":"https:\/\/api.w.org\/{rel}","templated":true}]}}