{"id":135829,"date":"2021-12-14T16:18:04","date_gmt":"2021-12-14T21:18:04","guid":{"rendered":"https:\/\/linitiative.ca\/International\/tornades-aux-usa-message-de-condoleances-du-roi-mohammed-vi-au-president-joe-biden\/"},"modified":"2021-12-14T16:18:04","modified_gmt":"2021-12-14T21:18:04","slug":"tornades-aux-usa-message-de-condoleances-du-roi-mohammed-vi-au-president-joe-biden","status":"publish","type":"post","link":"https:\/\/linitiative.ca\/International\/tornades-aux-usa-message-de-condoleances-du-roi-mohammed-vi-au-president-joe-biden\/","title":{"rendered":"Tornades aux USA: Message de condol\u00e9ances du Roi Mohammed VI au Pr\u00e9sident Joe Biden"},"content":{"rendered":"<div>\n<p><img decoding=\"async\" width=\"615\" height=\"330\" src=\"https:\/\/linitiative.ca\/International\/wp-content\/uploads\/sites\/23\/2021\/12\/16395166849382.jpg\" class=\"attachment-post-thumbnail size-post-thumbnail wp-post-image\" alt=\"\" loading=\"lazy\" srcset=\"https:\/\/linitiative.ca\/International\/wp-content\/uploads\/sites\/23\/2021\/12\/16395166849382.jpg 615w, https:\/\/www.journalducameroun.com\/wp-content\/uploads\/2021\/12\/16395166849382-300x161.jpg 300w, https:\/\/www.journalducameroun.com\/wp-content\/uploads\/2021\/12\/16395166849382-600x322.jpg 600w\" sizes=\"auto, (max-width: 615px) 100vw, 615px\"><\/p>\n<p>Le Roi Mohammed VI a adress\u00e9 un message de condol\u00e9ances et de compassion au pr\u00e9sident am\u00e9ricain, Joe Biden, suite aux tornades qui ont frapp\u00e9 plusieurs Etats am\u00e9ricains.Dans ce message, le Souverain dit avoir \u00e9t\u00e9 profond\u00e9ment attrist\u00e9 par la nouvelle des tornades meurtri\u00e8res qui ont durement frapp\u00e9 l&rsquo;\u00c9tat du Kentucky et d&rsquo;autres \u00c9tats du pays, causant de nombreuses pertes humaines et d&rsquo;importants d\u00e9g\u00e2ts mat\u00e9riels.<\/p>\n<p>Le Souverain a \u00e9galement fait part \u00e0 M. Biden, aux familles \u00e9prouv\u00e9es et au peuple am\u00e9ricain de Ses sinc\u00e8res condol\u00e9ances et de Sa profonde sympathie et compassion.<\/p>\n<p>\u00ab\u00a0Nos pens\u00e9es et nos pri\u00e8res sont avec vous et avec les personnes endeuill\u00e9es\u00a0\u00bb, a soulign\u00e9 le Roi Mohammed VI.<\/p>\n<p>Cet article <a rel=\"nofollow\" href=\"https:\/\/www.journalducameroun.com\/tornades-aux-usa-message-de-condoleances-du-roi-mohammed-vi-au-president-joe-biden\/\">Tornades aux USA: Message de condol\u00e9ances du Roi Mohammed VI au Pr\u00e9sident Joe Biden<\/a> est apparu en premier sur <a rel=\"nofollow\" href=\"https:\/\/www.journalducameroun.com\/\">Journal du Cameroun<\/a>.<\/p>\n<\/div>\n<p>Auteur: APA News<br \/>\n<a href=\"https:\/\/www.journalducameroun.com\/tornades-aux-usa-message-de-condoleances-du-roi-mohammed-vi-au-president-joe-biden\/\">Cliquez ici pour lire l&rsquo;article depuis sa source.<\/a><\/p>\n","protected":false},"excerpt":{"rendered":"<p>Le Roi Mohammed VI a adress\u00e9 un message de condol\u00e9ances et de compassion au pr\u00e9sident am\u00e9ricain, Joe Biden, suite aux tornades qui ont frapp\u00e9 plusieurs Etats am\u00e9ricains.Dans ce message, le Souverain dit avoir \u00e9t\u00e9 profond\u00e9ment attrist\u00e9 par la nouvelle des tornades meurtri\u00e8res qui ont durement frapp\u00e9 l&rsquo;\u00c9tat du Kentucky et d&rsquo;autres \u00c9tats du pays, causant [&hellip;]<\/p>\n","protected":false},"author":1965,"featured_media":0,"comment_status":"closed","ping_status":"closed","sticky":false,"template":"","format":"standard","meta":{"fifu_image_url":"https:\/\/www.journalducameroun.com\/wp-content\/uploads\/2021\/12\/16395166849382.jpg","fifu_image_alt":"Tornades aux USA: Message de condol\u00e9ances du Roi Mohammed VI au Pr\u00e9sident Joe Biden","footnotes":""},"categories":[73,82],"tags":[],"class_list":["post-135829","post","type-post","status-publish","format-standard","hentry","category-actualite","category-cameroun"],"_links":{"self":[{"href":"https:\/\/linitiative.ca\/International\/wp-json\/wp\/v2\/posts\/135829","targetHints":{"allow":["GET"]}}],"collection":[{"href":"https:\/\/linitiative.ca\/International\/wp-json\/wp\/v2\/posts"}],"about":[{"href":"https:\/\/linitiative.ca\/International\/wp-json\/wp\/v2\/types\/post"}],"author":[{"embeddable":true,"href":"https:\/\/linitiative.ca\/International\/wp-json\/wp\/v2\/users\/1965"}],"replies":[{"embeddable":true,"href":"https:\/\/linitiative.ca\/International\/wp-json\/wp\/v2\/comments?post=135829"}],"version-history":[{"count":0,"href":"https:\/\/linitiative.ca\/International\/wp-json\/wp\/v2\/posts\/135829\/revisions"}],"wp:attachment":[{"href":"https:\/\/linitiative.ca\/International\/wp-json\/wp\/v2\/media?parent=135829"}],"wp:term":[{"taxonomy":"category","embeddable":true,"href":"https:\/\/linitiative.ca\/International\/wp-json\/wp\/v2\/categories?post=135829"},{"taxonomy":"post_tag","embeddable":true,"href":"https:\/\/linitiative.ca\/International\/wp-json\/wp\/v2\/tags?post=135829"}],"curies":[{"name":"wp","href":"https:\/\/api.w.org\/{rel}","templated":true}]}}