{"id":135865,"date":"2021-12-15T10:53:24","date_gmt":"2021-12-15T15:53:24","guid":{"rendered":"https:\/\/linitiative.ca\/International\/le-transport-cheville-ouvriere-de-lindh-contre-labandon-scolaire\/"},"modified":"2021-12-15T10:53:24","modified_gmt":"2021-12-15T15:53:24","slug":"le-transport-cheville-ouvriere-de-lindh-contre-labandon-scolaire","status":"publish","type":"post","link":"https:\/\/linitiative.ca\/International\/le-transport-cheville-ouvriere-de-lindh-contre-labandon-scolaire\/","title":{"rendered":"Le transport, cheville-ouvri\u00e8re de l\u2019INDH contre l\u2019abandon scolaire"},"content":{"rendered":"<div>\n<div style=\"margin-bottom:20px;\"><img loading=\"lazy\" decoding=\"async\" width=\"750\" height=\"430\" src=\"https:\/\/linitiative.ca\/International\/wp-content\/uploads\/sites\/23\/2021\/12\/transport-scolaire-copier.jpg\" class=\"attachment-post-thumbnail size-post-thumbnail wp-post-image\" alt=\"\" srcset=\"https:\/\/linitiative.ca\/International\/wp-content\/uploads\/sites\/23\/2021\/12\/transport-scolaire-copier.jpg 750w, https:\/\/www.mapmarrakech.ma\/map\/uploads\/2021\/12\/transport-scolaire-copier-300x172.jpg 300w\" sizes=\"auto, (max-width: 750px) 100vw, 750px\"><\/div>\n<p>Dans une province r\u00e9put\u00e9e par la pr\u00e9dominance des zones rurales et montagneuses, l\u2019INDH n\u2019a pas l\u00e9sin\u00e9, d\u00e8s son lancement officiel en 2005, sur les moyens pour assurer un accompagnement de qualit\u00e9 au profit des jeunes \u00e9coliers et \u00e9coli\u00e8res issus des zones rurales.<\/p>\n<p>Une telle d\u00e9marche d\u00e9note de l\u2019int\u00e9r\u00eat tout particulier que ce chantier Royal d\u2019envergure ne cesse d\u2019accorder \u00e0 la question \u00e9ducative, partant de l\u2019ultime conviction que l\u2019\u00e9ducation est le socle de tout d\u00e9veloppement durable escompt\u00e9.<\/p>\n<p>A travers le 4e programme de l\u2019Initiative intitul\u00e9 \u00ab\u00a0Impulsion du capital humain des g\u00e9n\u00e9rations montantes\u00a0\u00bb, r\u00e9unissant les conditions n\u00e9cessaires \u00e0 la r\u00e9ussite scolaire et \u00e0 l\u2019\u00e9panouissement de l\u2019enfant et de l\u2019adolescent, la 3\u00e8me phase de l\u2019INDH a investi comme il se doit, dans les diff\u00e9rents axes relatifs \u00e0 l\u2019enseignement pr\u00e9scolaire et \u00e0 l\u2019appui \u00e0 l\u2019\u00e9ducation notamment, en ce qui concerne les services d\u2019h\u00e9bergement et le transport scolaire.<\/p>\n<p>Cet engagement se refl\u00e8te concr\u00e8tement, \u00e0 la commune rurale de Talat N\u2019Yacoub qui s\u2019\u00e9tend sur une superficie de 214 km2, pos\u00e9e au pied du Haut Atlas, o\u00f9 l\u2019INDH s\u2019est engag\u00e9e \u00e0 faciliter le d\u00e9placement quotidien des \u00e9l\u00e8ves entre l\u2019\u00e9cole et leurs domiciles, une aventure p\u00e9rilleuse, par le pass\u00e9, pour plusieurs enfants qui habitent dans des douars enclav\u00e9s, notamment pendant la saison hivernale.<\/p>\n<p>\u00ab\u00a0Gr\u00e2ce aux efforts consentis par l\u2019INDH pour la promotion de la scolarisation dans les zones rurales de la province et l\u2019engagement du tissu associatif local, nous avons r\u00e9ussi \u00e0 \u00e9liminer un handicap majeur qui contraignait certains parents, les mettant dans l\u2019obligation de priver leurs enfants des bancs de l\u2019\u00e9cole, notamment les filles\u00a0\u00bb, s\u2019est f\u00e9licit\u00e9 M. El Mehdi Baraka, Vice-Pr\u00e9sident de l\u2019Association \u00ab\u00a0Connaissance pour l\u2019encouragement de la scolarisation\u00a0\u00bb, qui assure la gestion du transport scolaire pour les \u00e9l\u00e8ves des lyc\u00e9es coll\u00e9gial et qualifiant dans plusieurs douars relevant de la commune rurale de Talat N\u2019Yacoub.<\/p>\n<p>Dans ce sens, il a mis en avant les r\u00e9sultats palpables des interventions de l\u2019INDH en mati\u00e8re de transport scolaire au niveau de la commune rurale, et ce gr\u00e2ce \u00e0 la f\u00e9d\u00e9ration des efforts des Conseils communal et provincial ainsi que de la soci\u00e9t\u00e9 civile.<\/p>\n<p>Apr\u00e8s avoir soulign\u00e9 que tous les douars de la commune rurale de Talat N\u2019Yacoub sont desservis par le transport scolaire, M. Baraka a exprim\u00e9 le v\u0153u de voir l\u2019INDH renforcer davantage ses interventions dans le domaine du transport scolaire afin de promouvoir la scolarisation des enfants de la province, notamment des filles rurales.<\/p>\n<p>Au niveau de cette commune, le transport scolaire est assur\u00e9 par une flotte compos\u00e9e de 3 bus scolaires au profit de 238 \u00e9l\u00e8ves, a-t-il pr\u00e9cis\u00e9, faisant savoir que 11 bus scolaires assurent le transport des \u00e9l\u00e8ves issus de quatre autres communes rurales, \u00e0 savoir : \u00ab\u00a0Talat N\u2019Yacoub\u00a0\u00bb, \u00ab\u00a0Ighli\u00a0\u00bb, \u00ab\u00a0Aghbar\u00a0\u00bb et \u00ab\u00a0Ijoukak\u00a0\u00bb, avec des trajets longs qui peuvent atteindre les 64 km.<\/p>\n<p>The post <a rel=\"nofollow\" href=\"https:\/\/www.mapmarrakech.ma\/fr\/le-transport-scolaire-cheville-ouvriere-de-lindh-pour-une-scolarisation-reussie\/\">Le transport, cheville-ouvri\u00e8re de l\u2019INDH contre l\u2019abandon scolaire<\/a> appeared first on <a rel=\"nofollow\" href=\"https:\/\/www.mapmarrakech.ma\/fr\">MapMarrakech<\/a>.<\/p>\n<\/div>\n<p>Auteur: Meriem IGASS<br \/>\n<a href=\"https:\/\/www.mapmarrakech.ma\/fr\/le-transport-scolaire-cheville-ouvriere-de-lindh-pour-une-scolarisation-reussie\/\">Cliquez ici pour lire l&rsquo;article depuis sa source.<\/a><\/p>\n","protected":false},"excerpt":{"rendered":"<p>Dans une province r\u00e9put\u00e9e par la pr\u00e9dominance des zones rurales et montagneuses, l\u2019INDH n\u2019a pas l\u00e9sin\u00e9, d\u00e8s son lancement officiel en 2005, sur les moyens pour assurer un accompagnement de qualit\u00e9 au profit des jeunes \u00e9coliers et \u00e9coli\u00e8res issus des zones rurales. Une telle d\u00e9marche d\u00e9note de l\u2019int\u00e9r\u00eat tout particulier que ce chantier Royal d\u2019envergure [&hellip;]<\/p>\n","protected":false},"author":1788,"featured_media":0,"comment_status":"closed","ping_status":"closed","sticky":false,"template":"","format":"standard","meta":{"fifu_image_url":"https:\/\/www.mapmarrakech.ma\/map\/uploads\/2021\/12\/transport-scolaire-copier.jpg","fifu_image_alt":"Le transport, cheville-ouvri\u00e8re de l\u2019INDH contre l\u2019abandon scolaire","footnotes":""},"categories":[54,76],"tags":[],"class_list":["post-135865","post","type-post","status-publish","format-standard","hentry","category-maroc","category-regions"],"_links":{"self":[{"href":"https:\/\/linitiative.ca\/International\/wp-json\/wp\/v2\/posts\/135865","targetHints":{"allow":["GET"]}}],"collection":[{"href":"https:\/\/linitiative.ca\/International\/wp-json\/wp\/v2\/posts"}],"about":[{"href":"https:\/\/linitiative.ca\/International\/wp-json\/wp\/v2\/types\/post"}],"author":[{"embeddable":true,"href":"https:\/\/linitiative.ca\/International\/wp-json\/wp\/v2\/users\/1788"}],"replies":[{"embeddable":true,"href":"https:\/\/linitiative.ca\/International\/wp-json\/wp\/v2\/comments?post=135865"}],"version-history":[{"count":0,"href":"https:\/\/linitiative.ca\/International\/wp-json\/wp\/v2\/posts\/135865\/revisions"}],"wp:attachment":[{"href":"https:\/\/linitiative.ca\/International\/wp-json\/wp\/v2\/media?parent=135865"}],"wp:term":[{"taxonomy":"category","embeddable":true,"href":"https:\/\/linitiative.ca\/International\/wp-json\/wp\/v2\/categories?post=135865"},{"taxonomy":"post_tag","embeddable":true,"href":"https:\/\/linitiative.ca\/International\/wp-json\/wp\/v2\/tags?post=135865"}],"curies":[{"name":"wp","href":"https:\/\/api.w.org\/{rel}","templated":true}]}}