{"id":135877,"date":"2021-12-15T13:59:00","date_gmt":"2021-12-15T18:59:00","guid":{"rendered":"https:\/\/linitiative.ca\/International\/les-supporteurs-algeriens-nont-pas-le-droit-de-rendre-sur-les-champs-elysees\/"},"modified":"2021-12-15T13:59:00","modified_gmt":"2021-12-15T18:59:00","slug":"les-supporteurs-algeriens-nont-pas-le-droit-de-rendre-sur-les-champs-elysees","status":"publish","type":"post","link":"https:\/\/linitiative.ca\/International\/les-supporteurs-algeriens-nont-pas-le-droit-de-rendre-sur-les-champs-elysees\/","title":{"rendered":"Les supporteurs alg\u00e9riens n&rsquo;ont pas le droit de rendre sur les Champs-\u00c9lys\u00e9es"},"content":{"rendered":"<div>Les supporters alg\u00e9riens n&rsquo;auront pas le droit de se rendre sur les Champs-\u00c9lys\u00e9es \u00e0 Paris \u00e0 l&rsquo;occasion de la demi-finale de Coupe Arabe entre l&rsquo;Alg\u00e9rie et le Qatar<\/div>\n<p>Auteur:<br \/>\n<a href=\"https:\/\/www.lebuteur.com\/article\/detail?titre=les-supporteurs-algeriens-nont-pas-le-droit-de-rendre-sur-les-champs-elysees&#038;id=101825\">Cliquez ici pour lire l&rsquo;article depuis sa source.<\/a><\/p>\n","protected":false},"excerpt":{"rendered":"<p>Les supporters alg\u00e9riens n&rsquo;auront pas le droit de se rendre sur les Champs-\u00c9lys\u00e9es \u00e0 Paris \u00e0 l&rsquo;occasion de la demi-finale de Coupe Arabe entre l&rsquo;Alg\u00e9rie et le Qatar Auteur: Cliquez ici pour lire l&rsquo;article depuis sa source.<\/p>\n","protected":false},"author":1738,"featured_media":0,"comment_status":"closed","ping_status":"closed","sticky":false,"template":"","format":"standard","meta":{"fifu_image_url":"","fifu_image_alt":"","footnotes":""},"categories":[53,75],"tags":[],"class_list":["post-135877","post","type-post","status-publish","format-standard","hentry","category-algerie","category-sport"],"_links":{"self":[{"href":"https:\/\/linitiative.ca\/International\/wp-json\/wp\/v2\/posts\/135877","targetHints":{"allow":["GET"]}}],"collection":[{"href":"https:\/\/linitiative.ca\/International\/wp-json\/wp\/v2\/posts"}],"about":[{"href":"https:\/\/linitiative.ca\/International\/wp-json\/wp\/v2\/types\/post"}],"author":[{"embeddable":true,"href":"https:\/\/linitiative.ca\/International\/wp-json\/wp\/v2\/users\/1738"}],"replies":[{"embeddable":true,"href":"https:\/\/linitiative.ca\/International\/wp-json\/wp\/v2\/comments?post=135877"}],"version-history":[{"count":0,"href":"https:\/\/linitiative.ca\/International\/wp-json\/wp\/v2\/posts\/135877\/revisions"}],"wp:attachment":[{"href":"https:\/\/linitiative.ca\/International\/wp-json\/wp\/v2\/media?parent=135877"}],"wp:term":[{"taxonomy":"category","embeddable":true,"href":"https:\/\/linitiative.ca\/International\/wp-json\/wp\/v2\/categories?post=135877"},{"taxonomy":"post_tag","embeddable":true,"href":"https:\/\/linitiative.ca\/International\/wp-json\/wp\/v2\/tags?post=135877"}],"curies":[{"name":"wp","href":"https:\/\/api.w.org\/{rel}","templated":true}]}}