{"id":135916,"date":"2021-12-15T17:15:06","date_gmt":"2021-12-15T22:15:06","guid":{"rendered":"https:\/\/linitiative.ca\/International\/en-video-le-president-saied-felicite-la-selection-pour-sa-qualification\/"},"modified":"2021-12-15T17:15:06","modified_gmt":"2021-12-15T22:15:06","slug":"en-video-le-president-saied-felicite-la-selection-pour-sa-qualification","status":"publish","type":"post","link":"https:\/\/linitiative.ca\/International\/en-video-le-president-saied-felicite-la-selection-pour-sa-qualification\/","title":{"rendered":"En vid\u00e9o, le pr\u00e9sident Sa\u00efed f\u00e9licite la s\u00e9lection pour sa qualification"},"content":{"rendered":"<div>\n<p>Le pr\u00e9sident de la R\u00e9publique Tunisienne, Kais Sa\u00efed a tenu \u00e0 f\u00e9liciter notre EN de football (vid\u00e9o) apr\u00e8s sa qualification pour la finale de la Coupe arabe 2021, apr\u00e8s avoir battu l\u2019Egypte 1-0. Le chef de l\u2019Etat a f\u00e9licit\u00e9 notamment les joueurs et tout les staffs technique, administratif et m\u00e9dical de la s\u00e9lection pour leurs [\u2026]<\/p>\n<p>L\u2019article <a href=\"https:\/\/sport.tunisienumerique.com\/coupe-arabe-le-president-saied-felicite-la-selection-pour-sa-qualification\/\">En vid\u00e9o, le pr\u00e9sident Sa\u00efed f\u00e9licite la s\u00e9lection pour sa qualification<\/a> est apparu en premier sur <a href=\"https:\/\/www.tunisienumerique.com\/\">Tunisie<\/a>.<\/p>\n<\/div>\n<p>Auteur: Hamza Ben Khlifa<br \/>\n<a href=\"https:\/\/sport.tunisienumerique.com\/en-video-le-president-saied-felicite-la-selection-pour-sa-qualification\/\">Cliquez ici pour lire l&rsquo;article depuis sa source.<\/a><\/p>\n","protected":false},"excerpt":{"rendered":"<p>Le pr\u00e9sident de la R\u00e9publique Tunisienne, Kais Sa\u00efed a tenu \u00e0 f\u00e9liciter notre EN de football (vid\u00e9o) apr\u00e8s sa qualification pour la finale de la Coupe arabe 2021, apr\u00e8s avoir battu l\u2019Egypte 1-0. Le chef de l\u2019Etat a f\u00e9licit\u00e9 notamment les joueurs et tout les staffs technique, administratif et m\u00e9dical de la s\u00e9lection pour leurs [&hellip;]<\/p>\n","protected":false},"author":1789,"featured_media":0,"comment_status":"closed","ping_status":"closed","sticky":false,"template":"","format":"standard","meta":{"fifu_image_url":"","fifu_image_alt":"","footnotes":""},"categories":[73,55],"tags":[],"class_list":["post-135916","post","type-post","status-publish","format-standard","hentry","category-actualite","category-tunisie"],"_links":{"self":[{"href":"https:\/\/linitiative.ca\/International\/wp-json\/wp\/v2\/posts\/135916","targetHints":{"allow":["GET"]}}],"collection":[{"href":"https:\/\/linitiative.ca\/International\/wp-json\/wp\/v2\/posts"}],"about":[{"href":"https:\/\/linitiative.ca\/International\/wp-json\/wp\/v2\/types\/post"}],"author":[{"embeddable":true,"href":"https:\/\/linitiative.ca\/International\/wp-json\/wp\/v2\/users\/1789"}],"replies":[{"embeddable":true,"href":"https:\/\/linitiative.ca\/International\/wp-json\/wp\/v2\/comments?post=135916"}],"version-history":[{"count":0,"href":"https:\/\/linitiative.ca\/International\/wp-json\/wp\/v2\/posts\/135916\/revisions"}],"wp:attachment":[{"href":"https:\/\/linitiative.ca\/International\/wp-json\/wp\/v2\/media?parent=135916"}],"wp:term":[{"taxonomy":"category","embeddable":true,"href":"https:\/\/linitiative.ca\/International\/wp-json\/wp\/v2\/categories?post=135916"},{"taxonomy":"post_tag","embeddable":true,"href":"https:\/\/linitiative.ca\/International\/wp-json\/wp\/v2\/tags?post=135916"}],"curies":[{"name":"wp","href":"https:\/\/api.w.org\/{rel}","templated":true}]}}