{"id":135935,"date":"2021-12-15T17:18:03","date_gmt":"2021-12-15T22:18:03","guid":{"rendered":"https:\/\/linitiative.ca\/International\/la-bad-mobilise-138-millions-deuros-pour-renforcer-linclusion-financiere-et-securiser-lacces-a-leau-potable-au-maroc\/"},"modified":"2021-12-15T17:18:03","modified_gmt":"2021-12-15T22:18:03","slug":"la-bad-mobilise-138-millions-deuros-pour-renforcer-linclusion-financiere-et-securiser-lacces-a-leau-potable-au-maroc","status":"publish","type":"post","link":"https:\/\/linitiative.ca\/International\/la-bad-mobilise-138-millions-deuros-pour-renforcer-linclusion-financiere-et-securiser-lacces-a-leau-potable-au-maroc\/","title":{"rendered":"La BAD mobilise 138 millions d\u2019euros pour renforcer l\u2019inclusion financi\u00e8re et s\u00e9curiser l\u2019acc\u00e8s \u00e0 l\u2019eau potable au Maroc"},"content":{"rendered":"<div>\n<p><img decoding=\"async\" width=\"1024\" height=\"768\" src=\"https:\/\/linitiative.ca\/International\/wp-content\/uploads\/sites\/23\/2021\/12\/16396066832153.jpg\" class=\"attachment-post-thumbnail size-post-thumbnail wp-post-image\" alt=\"\" loading=\"lazy\" srcset=\"https:\/\/linitiative.ca\/International\/wp-content\/uploads\/sites\/23\/2021\/12\/16396066832153.jpg 1024w, https:\/\/www.journalducameroun.com\/wp-content\/uploads\/2021\/12\/16396066832153-300x225.jpg 300w, https:\/\/www.journalducameroun.com\/wp-content\/uploads\/2021\/12\/16396066832153-768x576.jpg 768w, https:\/\/www.journalducameroun.com\/wp-content\/uploads\/2021\/12\/16396066832153-587x440.jpg 587w, https:\/\/www.journalducameroun.com\/wp-content\/uploads\/2021\/12\/16396066832153-600x450.jpg 600w\" sizes=\"auto, (max-width: 1024px) 100vw, 1024px\"><\/p>\n<p>La Banque africaine de d\u00e9veloppement (BAD) et le gouvernement marocain ont sign\u00e9 \u00e0 Rabat deux accords de pr\u00eat d&rsquo;un montant total de 138 millions d&rsquo;euros pour renforcer l&rsquo;inclusion financi\u00e8re et s\u00e9curiser l&rsquo;acc\u00e8s \u00e0 l&rsquo;eau potable, indique mercredi un communiqu\u00e9 de la BAD parvenu \u00e0 APA.La c\u00e9r\u00e9monie de signature de l&rsquo;accord a r\u00e9uni la ministre de l&rsquo;\u00c9conomie et des Finances, Nadia Fettah, le responsable-pays de la Banque africaine de d\u00e9veloppement pour le Maroc, Achraf Hassan Tarsim et le directeur g\u00e9n\u00e9ral de l&rsquo;Office national de l&rsquo;\u00e9lectricit\u00e9 et de l&rsquo;eau potable, Abderrahim El Hafidi, pr\u00e9cise la m\u00eame source.<\/p>\n<p>Selon le communiqu\u00e9, les financements de la Banque sont destin\u00e9s \u00e0 mettre en \u0153uvre le Programme d&rsquo;appui \u00e0 l&rsquo;inclusion financi\u00e8re, \u00e0 l&rsquo;entreprenariat et aux tr\u00e8s petites et moyennes entreprises ainsi que le Projet de p\u00e9rennisation et de s\u00e9curisation de l&rsquo;acc\u00e8s \u00e0 l&rsquo;eau.<\/p>\n<p>\u00ab Je voudrais souligner le r\u00f4le important de la Banque africaine de d\u00e9veloppement en tant que partenaire de r\u00e9f\u00e9rence dans l&rsquo;accompagnement des r\u00e9formes entreprises par le Royaume du Maroc dans diff\u00e9rents secteurs prioritaires, en particulier le secteur financier, les transports, l&rsquo;\u00e9nergie, l&rsquo;eau potable, l&rsquo;\u00e9ducation et la sant\u00e9\u00a0\u00bb, a d\u00e9clar\u00e9 la ministre.<\/p>\n<p>La ministre a appel\u00e9 la Banque \u00e0 renforcer davantage son appui aux efforts du gouvernement visant \u00e0 mettre en \u0153uvre, ses diff\u00e9rents chantiers et r\u00e9formes strat\u00e9giques, la poursuite de la gestion de la crise sanitaire et de la relance \u00e9conomique ainsi que l&rsquo;op\u00e9rationnalisation du nouveau mod\u00e8le de d\u00e9veloppement. \u00bb<\/p>\n<p>\u00ab Ces deux op\u00e9rations destin\u00e9es \u00e0 deux secteurs distincts partagent les m\u00eames mots d&rsquo;ordre : l&rsquo;inclusion et la relance, a affirm\u00e9 le repr\u00e9sentant de la Banque, Achraf Tarsim. La relance, nous la soutenons \u00e0 travers l&rsquo;appui \u00e0 l&rsquo;inclusion financi\u00e8re, \u00e0 l&rsquo;entreprenariat et aux tr\u00e8s petites et moyennes entreprises mais \u00e9galement en s\u00e9curisant l&rsquo;acc\u00e8s \u00e0 l&rsquo;eau potable pour des millions d&rsquo;habitants dans les provinces de Guercif, Zagora, Al Hoceima, Tanger et Beni Mellal. \u00bb<\/p>\n<p>Pour le directeur g\u00e9n\u00e9ral de l&rsquo;Office national de l&rsquo;\u00e9lectricit\u00e9 et de l&rsquo;eau potable, Abderrahim El Hafidi, \u00ab le partenariat avec la Banque africaine de d\u00e9veloppement est historique et exemplaire avec un important niveau d&rsquo;engagement. Ce financement additionnel vient renforcer les syst\u00e8mes d&rsquo;acc\u00e8s \u00e0 l&rsquo;eau potable dans plusieurs r\u00e9gions du Royaume \u00bb.<\/p>\n<p>D&rsquo;un montant de 120 millions d&rsquo;euros, le premier accord de pr\u00eat vise \u00e0 aider les entreprises en difficult\u00e9 \u00e0 red\u00e9marrer leur activit\u00e9 et \u00e0 pr\u00e9server les emplois. Il appuiera les r\u00e9formes en mati\u00e8re d&rsquo;inclusion financi\u00e8re afin de faciliter l&rsquo;acc\u00e8s au financement pour les m\u00e9nages et les tr\u00e8s petites et moyennes entreprises. Il contribuera \u00e9galement \u00e0 diversifier leurs sources de financement en renfor\u00e7ant le caract\u00e8re inclusif du march\u00e9 des capitaux. Le programme soutiendra aussi l&rsquo;\u00e9cosyst\u00e8me d&rsquo;appui \u00e0 l&rsquo;entrepreneuriat et contribuera \u00e0 am\u00e9liorer le climat des affaires \u00e0 travers la simplification des proc\u00e9dures administratives.<\/p>\n<p>Le second accord, d&rsquo;un montant de 18 millions d&rsquo;euros, constitue un financement additionnel qui s&rsquo;ajoute aux 112 millions d&rsquo;euros mobilis\u00e9s en 2018 pour financer le Projet de p\u00e9rennisation et de s\u00e9curisation de l&rsquo;acc\u00e8s \u00e0 l&rsquo;eau. Son objectif est de contribuer \u00e0 s\u00e9curiser l&rsquo;acc\u00e8s \u00e0 l&rsquo;eau potable dans les provinces de Guercif, Zagora, Al Hoceima, Tanger et Beni Mellal.<\/p>\n<p>La BAD intervient au Maroc depuis plus de cinquante ans. Les financements couvrent la sant\u00e9, l&rsquo;agriculture, l&rsquo;\u00e9nergie, l&rsquo;eau, les transports, le d\u00e9veloppement humain et le secteur financier.<\/p>\n<p>Cet article <a rel=\"nofollow\" href=\"https:\/\/www.journalducameroun.com\/la-bad-mobilise-138-millions-deuros-pour-renforcer-linclusion-financiere-et-securiser-lacces-a-leau-potable-au-maroc\/\">La BAD mobilise 138 millions d\u2019euros pour renforcer l\u2019inclusion financi\u00e8re et s\u00e9curiser l\u2019acc\u00e8s \u00e0 l\u2019eau potable au Maroc<\/a> est apparu en premier sur <a rel=\"nofollow\" href=\"https:\/\/www.journalducameroun.com\/\">Journal du Cameroun<\/a>.<\/p>\n<\/div>\n<p>Auteur: APA News<br \/>\n<a href=\"https:\/\/www.journalducameroun.com\/la-bad-mobilise-138-millions-deuros-pour-renforcer-linclusion-financiere-et-securiser-lacces-a-leau-potable-au-maroc\/\">Cliquez ici pour lire l&rsquo;article depuis sa source.<\/a><\/p>\n","protected":false},"excerpt":{"rendered":"<p>La Banque africaine de d\u00e9veloppement (BAD) et le gouvernement marocain ont sign\u00e9 \u00e0 Rabat deux accords de pr\u00eat d&rsquo;un montant total de 138 millions d&rsquo;euros pour renforcer l&rsquo;inclusion financi\u00e8re et s\u00e9curiser l&rsquo;acc\u00e8s \u00e0 l&rsquo;eau potable, indique mercredi un communiqu\u00e9 de la BAD parvenu \u00e0 APA.La c\u00e9r\u00e9monie de signature de l&rsquo;accord a r\u00e9uni la ministre de [&hellip;]<\/p>\n","protected":false},"author":1965,"featured_media":0,"comment_status":"closed","ping_status":"closed","sticky":false,"template":"","format":"standard","meta":{"fifu_image_url":"https:\/\/www.journalducameroun.com\/wp-content\/uploads\/2021\/12\/16396066832153.jpg","fifu_image_alt":"La BAD mobilise 138 millions d\u2019euros pour renforcer l\u2019inclusion financi\u00e8re et s\u00e9curiser l\u2019acc\u00e8s \u00e0 l\u2019eau potable au Maroc","footnotes":""},"categories":[73,82],"tags":[],"class_list":["post-135935","post","type-post","status-publish","format-standard","hentry","category-actualite","category-cameroun"],"_links":{"self":[{"href":"https:\/\/linitiative.ca\/International\/wp-json\/wp\/v2\/posts\/135935","targetHints":{"allow":["GET"]}}],"collection":[{"href":"https:\/\/linitiative.ca\/International\/wp-json\/wp\/v2\/posts"}],"about":[{"href":"https:\/\/linitiative.ca\/International\/wp-json\/wp\/v2\/types\/post"}],"author":[{"embeddable":true,"href":"https:\/\/linitiative.ca\/International\/wp-json\/wp\/v2\/users\/1965"}],"replies":[{"embeddable":true,"href":"https:\/\/linitiative.ca\/International\/wp-json\/wp\/v2\/comments?post=135935"}],"version-history":[{"count":0,"href":"https:\/\/linitiative.ca\/International\/wp-json\/wp\/v2\/posts\/135935\/revisions"}],"wp:attachment":[{"href":"https:\/\/linitiative.ca\/International\/wp-json\/wp\/v2\/media?parent=135935"}],"wp:term":[{"taxonomy":"category","embeddable":true,"href":"https:\/\/linitiative.ca\/International\/wp-json\/wp\/v2\/categories?post=135935"},{"taxonomy":"post_tag","embeddable":true,"href":"https:\/\/linitiative.ca\/International\/wp-json\/wp\/v2\/tags?post=135935"}],"curies":[{"name":"wp","href":"https:\/\/api.w.org\/{rel}","templated":true}]}}