{"id":135937,"date":"2021-12-15T17:18:04","date_gmt":"2021-12-15T22:18:04","guid":{"rendered":"https:\/\/linitiative.ca\/International\/premier-cas-du-variant-omicron-detecte-au-maroc\/"},"modified":"2021-12-15T17:18:04","modified_gmt":"2021-12-15T22:18:04","slug":"premier-cas-du-variant-omicron-detecte-au-maroc","status":"publish","type":"post","link":"https:\/\/linitiative.ca\/International\/premier-cas-du-variant-omicron-detecte-au-maroc\/","title":{"rendered":"Premier cas du variant Omicron d\u00e9tect\u00e9 au Maroc"},"content":{"rendered":"<div>\n<p><img decoding=\"async\" width=\"650\" height=\"366\" src=\"https:\/\/linitiative.ca\/International\/wp-content\/uploads\/sites\/23\/2021\/12\/16396066849247.jpg\" class=\"attachment-post-thumbnail size-post-thumbnail wp-post-image\" alt=\"\" loading=\"lazy\" srcset=\"https:\/\/linitiative.ca\/International\/wp-content\/uploads\/sites\/23\/2021\/12\/16396066849247.jpg 650w, https:\/\/www.journalducameroun.com\/wp-content\/uploads\/2021\/12\/16396066849247-300x169.jpg 300w, https:\/\/www.journalducameroun.com\/wp-content\/uploads\/2021\/12\/16396066849247-780x440.jpg 780w, https:\/\/www.journalducameroun.com\/wp-content\/uploads\/2021\/12\/16396066849247-380x215.jpg 380w, https:\/\/www.journalducameroun.com\/wp-content\/uploads\/2021\/12\/16396066849247-160x90.jpg 160w, https:\/\/www.journalducameroun.com\/wp-content\/uploads\/2021\/12\/16396066849247-240x135.jpg 240w, https:\/\/www.journalducameroun.com\/wp-content\/uploads\/2021\/12\/16396066849247-600x338.jpg 600w\" sizes=\"auto, (max-width: 650px) 100vw, 650px\"><\/p>\n<p>Le premier cas du variant Omicron a \u00e9t\u00e9 d\u00e9tect\u00e9 au Maroc, ce mercredi, annonce un communiqu\u00e9 du minist\u00e8re de la Sant\u00e9 et de la protection sociale.Ce cas concerne une citoyenne marocaine actuellement plac\u00e9e sous surveillance m\u00e9dicale dans un \u00e9tablissement hospitalier \u00e0 Casablanca, pr\u00e9cise la m\u00eame source.<\/p>\n<p>La patiente est dans un \u00ab \u00e9tat stable et ne suscite pas d&rsquo;inqui\u00e9tude \u00bb, rassure le minist\u00e8re, qui pr\u00e9cise qu&rsquo;elle a \u00e9t\u00e9 prise en charge conform\u00e9ment au protocole sanitaire en vigueur, ajoute-t-on.<\/p>\n<p>Le minist\u00e8re fait savoir \u00e9galement avoir pris l&rsquo;ensemble des mesures n\u00e9cessaires pour assurer le suivi de la situation. Il a aussi \u00e9t\u00e9 proc\u00e9d\u00e9 \u00e0 l&rsquo;identification et \u00e0 l&rsquo;examen des cas contacts, indique-t-on.<\/p>\n<p>Face \u00e0 la propagation rapide de ce variant, le minist\u00e8re exhorte les citoyens \u00e0 respecter les gestes barri\u00e8res \u00e0 savoir le port correct du masque, le lavage fr\u00e9quent des mains et la distanciation sociale. Il appelle \u00e9galement les citoyens \u00e0 recevoir leurs injections du vaccin anti-Covid.<\/p>\n<p>Cet article <a rel=\"nofollow\" href=\"https:\/\/www.journalducameroun.com\/premier-cas-du-variant-omicron-detecte-au-maroc\/\">Premier cas du variant Omicron d\u00e9tect\u00e9 au Maroc<\/a> est apparu en premier sur <a rel=\"nofollow\" href=\"https:\/\/www.journalducameroun.com\/\">Journal du Cameroun<\/a>.<\/p>\n<\/div>\n<p>Auteur: APA News<br \/>\n<a href=\"https:\/\/www.journalducameroun.com\/premier-cas-du-variant-omicron-detecte-au-maroc\/\">Cliquez ici pour lire l&rsquo;article depuis sa source.<\/a><\/p>\n","protected":false},"excerpt":{"rendered":"<p>Le premier cas du variant Omicron a \u00e9t\u00e9 d\u00e9tect\u00e9 au Maroc, ce mercredi, annonce un communiqu\u00e9 du minist\u00e8re de la Sant\u00e9 et de la protection sociale.Ce cas concerne une citoyenne marocaine actuellement plac\u00e9e sous surveillance m\u00e9dicale dans un \u00e9tablissement hospitalier \u00e0 Casablanca, pr\u00e9cise la m\u00eame source. La patiente est dans un \u00ab \u00e9tat stable et [&hellip;]<\/p>\n","protected":false},"author":1965,"featured_media":0,"comment_status":"closed","ping_status":"closed","sticky":false,"template":"","format":"standard","meta":{"fifu_image_url":"https:\/\/www.journalducameroun.com\/wp-content\/uploads\/2021\/12\/16396066849247.jpg","fifu_image_alt":"Premier cas du variant Omicron d\u00e9tect\u00e9 au Maroc","footnotes":""},"categories":[73,82],"tags":[],"class_list":["post-135937","post","type-post","status-publish","format-standard","hentry","category-actualite","category-cameroun"],"_links":{"self":[{"href":"https:\/\/linitiative.ca\/International\/wp-json\/wp\/v2\/posts\/135937","targetHints":{"allow":["GET"]}}],"collection":[{"href":"https:\/\/linitiative.ca\/International\/wp-json\/wp\/v2\/posts"}],"about":[{"href":"https:\/\/linitiative.ca\/International\/wp-json\/wp\/v2\/types\/post"}],"author":[{"embeddable":true,"href":"https:\/\/linitiative.ca\/International\/wp-json\/wp\/v2\/users\/1965"}],"replies":[{"embeddable":true,"href":"https:\/\/linitiative.ca\/International\/wp-json\/wp\/v2\/comments?post=135937"}],"version-history":[{"count":0,"href":"https:\/\/linitiative.ca\/International\/wp-json\/wp\/v2\/posts\/135937\/revisions"}],"wp:attachment":[{"href":"https:\/\/linitiative.ca\/International\/wp-json\/wp\/v2\/media?parent=135937"}],"wp:term":[{"taxonomy":"category","embeddable":true,"href":"https:\/\/linitiative.ca\/International\/wp-json\/wp\/v2\/categories?post=135937"},{"taxonomy":"post_tag","embeddable":true,"href":"https:\/\/linitiative.ca\/International\/wp-json\/wp\/v2\/tags?post=135937"}],"curies":[{"name":"wp","href":"https:\/\/api.w.org\/{rel}","templated":true}]}}