{"id":135981,"date":"2021-12-16T09:30:51","date_gmt":"2021-12-16T14:30:51","guid":{"rendered":"https:\/\/linitiative.ca\/International\/affaire-omar-raddad-la-justice-francaise-decide-de-rouvrir-le-dossier\/"},"modified":"2021-12-16T09:30:51","modified_gmt":"2021-12-16T14:30:51","slug":"affaire-omar-raddad-la-justice-francaise-decide-de-rouvrir-le-dossier","status":"publish","type":"post","link":"https:\/\/linitiative.ca\/International\/affaire-omar-raddad-la-justice-francaise-decide-de-rouvrir-le-dossier\/","title":{"rendered":"Affaire Omar Raddad: la justice fran\u00e7aise d\u00e9cide de rouvrir le dossier"},"content":{"rendered":"<div>\n<div class=\"field field-name-body field-type-text-with-summary field-label-hidden\">\n<div class=\"field-items\">\n<div class=\"field-item even\" property=\"content:encoded\">\n<p class=\"rtejustify\">La justice fran\u00e7aise a d\u00e9cid\u00e9, jeudi, de rouvrir le dossier d&rsquo;Omar Raddad, ce jardinier marocain condamn\u00e9, puis graci\u00e9 sans jamais \u00eatre innocent\u00e9, pour le meurtre en 1991 de son employeuse Ghislaine Marchal.<\/p>\n<\/div>\n<\/div>\n<\/div>\n<\/div>\n<p>Auteur: mbasraoui<br \/>\n<a href=\"https:\/\/www.leconomiste.com\/flash-infos\/affaire-omar-raddad-la-justice-francaise-decide-de-rouvrir-le-dossier\">Cliquez ici pour lire l&rsquo;article depuis sa source.<\/a><\/p>\n","protected":false},"excerpt":{"rendered":"<p>La justice fran\u00e7aise a d\u00e9cid\u00e9, jeudi, de rouvrir le dossier d&rsquo;Omar Raddad, ce jardinier marocain condamn\u00e9, puis graci\u00e9 sans jamais \u00eatre innocent\u00e9, pour le meurtre en 1991 de son employeuse Ghislaine Marchal. Auteur: mbasraoui Cliquez ici pour lire l&rsquo;article depuis sa source.<\/p>\n","protected":false},"author":1763,"featured_media":0,"comment_status":"closed","ping_status":"closed","sticky":false,"template":"","format":"standard","meta":{"fifu_image_url":"","fifu_image_alt":"","footnotes":""},"categories":[78,54],"tags":[],"class_list":["post-135981","post","type-post","status-publish","format-standard","hentry","category-economie","category-maroc"],"_links":{"self":[{"href":"https:\/\/linitiative.ca\/International\/wp-json\/wp\/v2\/posts\/135981","targetHints":{"allow":["GET"]}}],"collection":[{"href":"https:\/\/linitiative.ca\/International\/wp-json\/wp\/v2\/posts"}],"about":[{"href":"https:\/\/linitiative.ca\/International\/wp-json\/wp\/v2\/types\/post"}],"author":[{"embeddable":true,"href":"https:\/\/linitiative.ca\/International\/wp-json\/wp\/v2\/users\/1763"}],"replies":[{"embeddable":true,"href":"https:\/\/linitiative.ca\/International\/wp-json\/wp\/v2\/comments?post=135981"}],"version-history":[{"count":0,"href":"https:\/\/linitiative.ca\/International\/wp-json\/wp\/v2\/posts\/135981\/revisions"}],"wp:attachment":[{"href":"https:\/\/linitiative.ca\/International\/wp-json\/wp\/v2\/media?parent=135981"}],"wp:term":[{"taxonomy":"category","embeddable":true,"href":"https:\/\/linitiative.ca\/International\/wp-json\/wp\/v2\/categories?post=135981"},{"taxonomy":"post_tag","embeddable":true,"href":"https:\/\/linitiative.ca\/International\/wp-json\/wp\/v2\/tags?post=135981"}],"curies":[{"name":"wp","href":"https:\/\/api.w.org\/{rel}","templated":true}]}}