{"id":136003,"date":"2021-12-16T10:50:00","date_gmt":"2021-12-16T15:50:00","guid":{"rendered":"https:\/\/linitiative.ca\/International\/tunisie-les-oublis-du-president-kais-saied\/"},"modified":"2021-12-16T10:50:00","modified_gmt":"2021-12-16T15:50:00","slug":"tunisie-les-oublis-du-president-kais-saied","status":"publish","type":"post","link":"https:\/\/linitiative.ca\/International\/tunisie-les-oublis-du-president-kais-saied\/","title":{"rendered":"Tunisie : Les oublis du Pr\u00e9sident Ka\u00efs  Sa\u00efed"},"content":{"rendered":"<div><img decoding=\"async\" src=\"https:\/\/linitiative.ca\/International\/wp-content\/uploads\/sites\/23\/2021\/12\/1639666927_article.jpg\" alt=\"Tunisie : Les oublis du Pr\u00e9sident Ka\u00efs  Sa\u00efed  \" align=\"left\">Par Slaheddine Dchicha \u2013 Le Pr\u00e9sident Ka\u00efs Sa\u00efed a pr\u00e9f\u00e9r\u00e9 anticiper et parler \u00e0 la nation le\u00a0 13\u00a0 d\u00e9cembre au lieu du 17 comme pr\u00e9vu initialement. Ce faisant, il a pris de court tous ceux qui \u00e9taient dans l\u2019attente, r\u00e9servant ainsi le 17 d\u00e9cembre \u00e0 la comm\u00e9moration de la r\u00e9volution et\u00a0 \u00e9ventuellement \u00e0 la communion avec la foule.<br \/>\nLe discours comme pr\u00e9vu a suscit\u00e9 diff\u00e9rentes r\u00e9actions: les opposants y ont vu\u00a0 une officialisation\u00a0 de la dissolution de l\u2019Assembl\u00e9e des Repr\u00e9sentants du Peuple et le d\u00e9but d\u2019une v\u00e9ritable\u00a0 dictature\u00a0 et certains, notamment \u00e0 l\u2019\u00e9tranger, y ont reconnu des envol\u00e9es d\u2019inspiration kadhafiste. En tout\u00a0 cas, les &#8230;<\/p>\n<\/div>\n<p>Auteur:<br \/>\n<a href=\"https:\/\/www.leaders.com.tn\/article\/32774-tunisie-les-oublis-du-president-kais-saied\">Cliquez ici pour lire l&rsquo;article depuis sa source.<\/a><\/p>\n","protected":false},"excerpt":{"rendered":"<p>Par Slaheddine Dchicha \u2013 Le Pr\u00e9sident Ka\u00efs Sa\u00efed a pr\u00e9f\u00e9r\u00e9 anticiper et parler \u00e0 la nation le\u00a0 13\u00a0 d\u00e9cembre au lieu du 17 comme pr\u00e9vu initialement. Ce faisant, il a pris de court tous ceux qui \u00e9taient dans l\u2019attente, r\u00e9servant ainsi le 17 d\u00e9cembre \u00e0 la comm\u00e9moration de la r\u00e9volution et\u00a0 \u00e9ventuellement \u00e0 la communion [&hellip;]<\/p>\n","protected":false},"author":1772,"featured_media":0,"comment_status":"closed","ping_status":"closed","sticky":false,"template":"","format":"standard","meta":{"fifu_image_url":"http:\/\/www.leaders.com.tn\/uploads\/content\/thumbnails_small\/1639666927_article.jpg","fifu_image_alt":"Tunisie : Les oublis du Pr\u00e9sident Ka\u00efs  Sa\u00efed","footnotes":""},"categories":[73,55],"tags":[],"class_list":["post-136003","post","type-post","status-publish","format-standard","hentry","category-actualite","category-tunisie"],"_links":{"self":[{"href":"https:\/\/linitiative.ca\/International\/wp-json\/wp\/v2\/posts\/136003","targetHints":{"allow":["GET"]}}],"collection":[{"href":"https:\/\/linitiative.ca\/International\/wp-json\/wp\/v2\/posts"}],"about":[{"href":"https:\/\/linitiative.ca\/International\/wp-json\/wp\/v2\/types\/post"}],"author":[{"embeddable":true,"href":"https:\/\/linitiative.ca\/International\/wp-json\/wp\/v2\/users\/1772"}],"replies":[{"embeddable":true,"href":"https:\/\/linitiative.ca\/International\/wp-json\/wp\/v2\/comments?post=136003"}],"version-history":[{"count":0,"href":"https:\/\/linitiative.ca\/International\/wp-json\/wp\/v2\/posts\/136003\/revisions"}],"wp:attachment":[{"href":"https:\/\/linitiative.ca\/International\/wp-json\/wp\/v2\/media?parent=136003"}],"wp:term":[{"taxonomy":"category","embeddable":true,"href":"https:\/\/linitiative.ca\/International\/wp-json\/wp\/v2\/categories?post=136003"},{"taxonomy":"post_tag","embeddable":true,"href":"https:\/\/linitiative.ca\/International\/wp-json\/wp\/v2\/tags?post=136003"}],"curies":[{"name":"wp","href":"https:\/\/api.w.org\/{rel}","templated":true}]}}