{"id":136024,"date":"2021-12-16T16:37:07","date_gmt":"2021-12-16T21:37:07","guid":{"rendered":"https:\/\/linitiative.ca\/International\/tunisie-lennemi-de-kais-saied-est-leconomique-et-non-point-le-politique\/"},"modified":"2021-12-16T16:37:07","modified_gmt":"2021-12-16T21:37:07","slug":"tunisie-lennemi-de-kais-saied-est-leconomique-et-non-point-le-politique","status":"publish","type":"post","link":"https:\/\/linitiative.ca\/International\/tunisie-lennemi-de-kais-saied-est-leconomique-et-non-point-le-politique\/","title":{"rendered":"Tunisie \u2013 L\u2019ennemi de Ka\u00efs Sa\u00efed est l\u2019\u00e9conomique et non point le politique"},"content":{"rendered":"<div>\n<p>Fort de la majorit\u00e9 des tunisiens qui lui font totalement confiance, et sachant que, m\u00eame s\u2019il est, en ce moment, sur une pente descendante, sur le plan de sa popularit\u00e9, il n\u2019a, en face de lui, aucun challenger valable, le pr\u00e9sident Ka\u00efs Sa\u00efed, n\u2019a, en principe, pas de soucis \u00e0 se faire du c\u00f4t\u00e9 politique, [\u2026]<\/p>\n<p>L\u2019article <a href=\"https:\/\/www.tunisienumerique.com\/tunisie-lennemi-de-kais-saied-est-leconomique-et-non-point-le-politique\/\">Tunisie \u2013 L\u2019ennemi de Ka\u00efs Sa\u00efed est l\u2019\u00e9conomique et non point le politique<\/a> est apparu en premier sur <a href=\"https:\/\/www.tunisienumerique.com\/\">Tunisie<\/a>.<\/p>\n<\/div>\n<p>Auteur: Ramsis<br \/>\n<a href=\"https:\/\/www.tunisienumerique.com\/tunisie-lennemi-de-kais-saied-est-leconomique-et-non-point-le-politique\/\">Cliquez ici pour lire l&rsquo;article depuis sa source.<\/a><\/p>\n","protected":false},"excerpt":{"rendered":"<p>Fort de la majorit\u00e9 des tunisiens qui lui font totalement confiance, et sachant que, m\u00eame s\u2019il est, en ce moment, sur une pente descendante, sur le plan de sa popularit\u00e9, il n\u2019a, en face de lui, aucun challenger valable, le pr\u00e9sident Ka\u00efs Sa\u00efed, n\u2019a, en principe, pas de soucis \u00e0 se faire du c\u00f4t\u00e9 politique, [&hellip;]<\/p>\n","protected":false},"author":1789,"featured_media":0,"comment_status":"closed","ping_status":"closed","sticky":false,"template":"","format":"standard","meta":{"fifu_image_url":"","fifu_image_alt":"","footnotes":""},"categories":[73,55],"tags":[],"class_list":["post-136024","post","type-post","status-publish","format-standard","hentry","category-actualite","category-tunisie"],"_links":{"self":[{"href":"https:\/\/linitiative.ca\/International\/wp-json\/wp\/v2\/posts\/136024","targetHints":{"allow":["GET"]}}],"collection":[{"href":"https:\/\/linitiative.ca\/International\/wp-json\/wp\/v2\/posts"}],"about":[{"href":"https:\/\/linitiative.ca\/International\/wp-json\/wp\/v2\/types\/post"}],"author":[{"embeddable":true,"href":"https:\/\/linitiative.ca\/International\/wp-json\/wp\/v2\/users\/1789"}],"replies":[{"embeddable":true,"href":"https:\/\/linitiative.ca\/International\/wp-json\/wp\/v2\/comments?post=136024"}],"version-history":[{"count":0,"href":"https:\/\/linitiative.ca\/International\/wp-json\/wp\/v2\/posts\/136024\/revisions"}],"wp:attachment":[{"href":"https:\/\/linitiative.ca\/International\/wp-json\/wp\/v2\/media?parent=136024"}],"wp:term":[{"taxonomy":"category","embeddable":true,"href":"https:\/\/linitiative.ca\/International\/wp-json\/wp\/v2\/categories?post=136024"},{"taxonomy":"post_tag","embeddable":true,"href":"https:\/\/linitiative.ca\/International\/wp-json\/wp\/v2\/tags?post=136024"}],"curies":[{"name":"wp","href":"https:\/\/api.w.org\/{rel}","templated":true}]}}