{"id":136026,"date":"2021-12-16T17:06:00","date_gmt":"2021-12-16T22:06:00","guid":{"rendered":"https:\/\/linitiative.ca\/International\/tunisie-reprise-de-la-hausse-des-cas-de-covid-serait-ce-lomicron-qui-commence-a-circuler\/"},"modified":"2021-12-16T17:06:00","modified_gmt":"2021-12-16T22:06:00","slug":"tunisie-reprise-de-la-hausse-des-cas-de-covid-serait-ce-lomicron-qui-commence-a-circuler","status":"publish","type":"post","link":"https:\/\/linitiative.ca\/International\/tunisie-reprise-de-la-hausse-des-cas-de-covid-serait-ce-lomicron-qui-commence-a-circuler\/","title":{"rendered":"Tunisie \u2013 Reprise de la hausse des cas de covid\u2026 Serait-ce l\u2019Omicron qui commence \u00e0 circuler\u00a0?"},"content":{"rendered":"<div>\n<p>Heureusement que les vacances sont l\u00e0. Car on compte bien sur cette pause impos\u00e9e, pour esp\u00e9rer casser les cycles de contamination par le covid, ayant pour points de d\u00e9part des foyers scolaires. Car sans cette pause providentielle, on ne sait pas trop ce qui nous attend, vu que les hautes comp\u00e9tences du minist\u00e8re de la [\u2026]<\/p>\n<p>L\u2019article <a href=\"https:\/\/www.tunisienumerique.com\/tunisie-reprise-de-la-hausse-des-cas-de-covid-serait-ce-lomicron-qui-commence-a-circuler\/\">Tunisie \u2013 Reprise de la hausse des cas de covid\u2026 Serait-ce l\u2019Omicron qui commence \u00e0 circuler\u00a0?<\/a> est apparu en premier sur <a href=\"https:\/\/www.tunisienumerique.com\/\">Tunisie<\/a>.<\/p>\n<\/div>\n<p>Auteur: Saber .<br \/>\n<a href=\"https:\/\/www.tunisienumerique.com\/tunisie-reprise-de-la-hausse-des-cas-de-covid-serait-ce-lomicron-qui-commence-a-circuler\/\">Cliquez ici pour lire l&rsquo;article depuis sa source.<\/a><\/p>\n","protected":false},"excerpt":{"rendered":"<p>Heureusement que les vacances sont l\u00e0. Car on compte bien sur cette pause impos\u00e9e, pour esp\u00e9rer casser les cycles de contamination par le covid, ayant pour points de d\u00e9part des foyers scolaires. Car sans cette pause providentielle, on ne sait pas trop ce qui nous attend, vu que les hautes comp\u00e9tences du minist\u00e8re de la [&hellip;]<\/p>\n","protected":false},"author":1789,"featured_media":0,"comment_status":"closed","ping_status":"closed","sticky":false,"template":"","format":"standard","meta":{"fifu_image_url":"","fifu_image_alt":"","footnotes":""},"categories":[73,55],"tags":[],"class_list":["post-136026","post","type-post","status-publish","format-standard","hentry","category-actualite","category-tunisie"],"_links":{"self":[{"href":"https:\/\/linitiative.ca\/International\/wp-json\/wp\/v2\/posts\/136026","targetHints":{"allow":["GET"]}}],"collection":[{"href":"https:\/\/linitiative.ca\/International\/wp-json\/wp\/v2\/posts"}],"about":[{"href":"https:\/\/linitiative.ca\/International\/wp-json\/wp\/v2\/types\/post"}],"author":[{"embeddable":true,"href":"https:\/\/linitiative.ca\/International\/wp-json\/wp\/v2\/users\/1789"}],"replies":[{"embeddable":true,"href":"https:\/\/linitiative.ca\/International\/wp-json\/wp\/v2\/comments?post=136026"}],"version-history":[{"count":0,"href":"https:\/\/linitiative.ca\/International\/wp-json\/wp\/v2\/posts\/136026\/revisions"}],"wp:attachment":[{"href":"https:\/\/linitiative.ca\/International\/wp-json\/wp\/v2\/media?parent=136026"}],"wp:term":[{"taxonomy":"category","embeddable":true,"href":"https:\/\/linitiative.ca\/International\/wp-json\/wp\/v2\/categories?post=136026"},{"taxonomy":"post_tag","embeddable":true,"href":"https:\/\/linitiative.ca\/International\/wp-json\/wp\/v2\/tags?post=136026"}],"curies":[{"name":"wp","href":"https:\/\/api.w.org\/{rel}","templated":true}]}}