{"id":136033,"date":"2021-12-16T11:42:16","date_gmt":"2021-12-16T16:42:16","guid":{"rendered":"https:\/\/linitiative.ca\/International\/editions-sidwaya-le-siege-regional-du-centre-est-inaugure\/"},"modified":"2021-12-16T11:42:16","modified_gmt":"2021-12-16T16:42:16","slug":"editions-sidwaya-le-siege-regional-du-centre-est-inaugure","status":"publish","type":"post","link":"https:\/\/linitiative.ca\/International\/editions-sidwaya-le-siege-regional-du-centre-est-inaugure\/","title":{"rendered":"Editions Sidwaya\u00a0: Le si\u00e8ge r\u00e9gional du Centre-Est inaugur\u00e9"},"content":{"rendered":"<div>\n<p><strong>Le si\u00e8ge r\u00e9gional des Editions Sidwaya \u00e0 Tenkodogo du Centre-Est a \u00e9t\u00e9 inaugur\u00e9 ce jeudi 16 d\u00e9cembre 2021 en pr\u00e9sence du ministre en charge de la transition Energ\u00e9tique, Bachir Isma\u00ebl Ou\u00e9draogo, repr\u00e9sentant le Ministre de la communication, des Relations avec le parlement, de la Culture et du Tourisme, pr\u00e9sident de la c\u00e9r\u00e9monie<\/strong>.<\/p>\n<p>Dans le souci de se rapprocher davantage de ses lecteurs, et d\u2019affirmer le r\u00f4le de m\u00e9dia de proximit\u00e9 dans la promotion et la consolidation de la paix sociale, il a \u00e9t\u00e9 cr\u00e9\u00e9 depuis 2010, le service r\u00e9gional du centre-Est des Editions Sidwaya. Aussi, dans le but d\u2019am\u00e9liorer les conditions de travail des agents pour l\u2019atteinte de ses objectifs, les Editions Sidwaya se sont engag\u00e9es dans l\u2019\u00e9rection d\u2019un b\u00e2timent \u00e0 Tendokogo pour abriter son si\u00e8ge r\u00e9gional. Ce si\u00e8ge a \u00e9t\u00e9 inaugur\u00e9 ce jeudi 16 d\u00e9cembre 2021.<\/p>\n<p>Selon le ministre en charge de la Transition Energ\u00e9tique, Bachir Isma\u00ebl Ou\u00e9draogo, repr\u00e9sentant le Ministre en charge de la communication, l\u2019inauguration du si\u00e8ge des Editions Sidwaya se tient sous le signe de la d\u00e9concentration op\u00e9rationnelle dans un contexte marqu\u00e9 par un paysage m\u00e9diatique totalement ouvert \u00e0 la concurrence. <em>\u00ab\u00a0L\u2019\u00e9v\u00e8nement qui nous r\u00e9unit est plac\u00e9 sous le sceau d\u00e9rogatoire des m\u00e9dias publics et implique de nouvelles m\u00e9thodes de travail et l\u2019enjeu est capital pour les Editions Sidwaya\u00a0\u00bb, <\/em>a indiqu\u00e9 le ministre. En effet, pour lui, cela passe n\u00e9cessairement par un meilleur maillage spatial du territoire national et une d\u00e9concentration bien pens\u00e9e des Editions Sidwaya. Il a, de ce fait, soulign\u00e9 que cette nouvelle donne commande qu\u2019au-del\u00e0 du d\u00e9fi de la gestion, \u00ab<em> le journal de tous les Burkinab\u00e8<\/em> \u00bb fasse preuve d\u2019imagination, de cr\u00e9ativit\u00e9 et d\u2019innovation dans son contenu. Il s\u2019agit, d\u2019une part, a-t-il dit, de conserver sa place de leader au niveau national et d\u2019autre part, de gagner au plan national et international, la bataille de la concurrence et de l\u2019affirmation des valeurs socioculturelles dans un contexte de diversit\u00e9 culturelle et linguistique ouvert.<\/p>\n<p><img decoding=\"async\" loading=\"lazy\" class=\"alignnone wp-image-43282 size-full\" src=\"https:\/\/linitiative.ca\/International\/wp-content\/uploads\/sites\/23\/2021\/12\/Ph-famille.jpeg\" alt=\"\" width=\"1016\" height=\"762\" srcset=\"https:\/\/linitiative.ca\/International\/wp-content\/uploads\/sites\/23\/2021\/12\/Ph-famille.jpeg 1016w, https:\/\/www.sidwaya.info\/wp-content\/uploads\/2021\/12\/Ph-famille-300x225.jpeg 300w, https:\/\/www.sidwaya.info\/wp-content\/uploads\/2021\/12\/Ph-famille-768x576.jpeg 768w, https:\/\/www.sidwaya.info\/wp-content\/uploads\/2021\/12\/Ph-famille-150x113.jpeg 150w, https:\/\/www.sidwaya.info\/wp-content\/uploads\/2021\/12\/Ph-famille-696x522.jpeg 696w, https:\/\/www.sidwaya.info\/wp-content\/uploads\/2021\/12\/Ph-famille-560x420.jpeg 560w, https:\/\/www.sidwaya.info\/wp-content\/uploads\/2021\/12\/Ph-famille-80x60.jpeg 80w, https:\/\/www.sidwaya.info\/wp-content\/uploads\/2021\/12\/Ph-famille-265x198.jpeg 265w\" sizes=\"auto, (max-width: 1016px) 100vw, 1016px\"><\/p>\n<p>Il a affirm\u00e9 que cette inauguration offre l\u2019occasion \u00e0 la \u2018\u2019<em>Maison Commune\u2019\u2019<\/em> de mener la r\u00e9flexion sur sa responsabilit\u00e9 dans ce contexte et de mobiliser des partenaires pour l\u2019atteinte de ses objectifs. <em>\u00ab\u00a0Conscient de l\u2019importance des m\u00e9dias de proximit\u00e9, le gouvernement ne cesse de soutenir les Editions Sidwaya dans le cadre de la d\u00e9concentration, toute chose qui contribue \u00e0 rapprocher davantage cette institution des populations qui ont un r\u00e9el besoin d\u2019informations\u00a0\u00bb,<\/em> a-t-il notifi\u00e9. Il a, par ailleurs, rassur\u00e9 que le gouvernement jouera pleinement sa partition pour permettre aux Editions Sidwaya d\u2019atteindre ses ambitions et ses objectifs strat\u00e9giques.<\/p>\n<p>Le Directeur g\u00e9n\u00e9ral des Editions Sidwaya, Mahamadi Ti\u00e9gna a pour sa part, indiqu\u00e9 que cette inauguration se tient sous le double signe du r\u00f4le de Sidwaya dans le maintien et la consolidation des acquis d\u00e9mocratiques, de la paix sociale et de son expansion en tant qu\u2019\u00e9tablissement public appel\u00e9 \u00e0 s\u2019autonomiser. Il a affirm\u00e9 que le co\u00fbt global des trois infrastructures s\u2019\u00e9l\u00e8ve \u00e0 un peu plus d\u2019un milliard de France CFA. Pour lui, ce b\u00e2timent, tout comme celui de Koupela et de Dori concr\u00e9tise le v\u0153u tr\u00e8s cher des travailleurs des Editions Sidwaya d\u2019avoir un cadre appropri\u00e9 de travail.\u00a0 Selon lui, ce joyau rapprochera davantage l\u2019institution des populations du Centre-Est. Au cours de cette c\u00e9r\u00e9monie d\u2019inauguration, le chef de service r\u00e9gional de Sidwaya, Bougnan Naon a \u00e9t\u00e9 r\u00e9compens\u00e9 pour service rendu. En rappel, M. Naon qui va faire valoir ses droits \u00e0 la retraite en fin d\u00e9cembre, a servi \u00e0 Sidwaya pendant 37ans dont 11 ans \u00e0 Tenkodogo.<\/p>\n<p><img decoding=\"async\" loading=\"lazy\" class=\"alignnone wp-image-43283 size-full\" src=\"https:\/\/linitiative.ca\/International\/wp-content\/uploads\/sites\/23\/2021\/12\/Ph-Naon.jpeg\" alt=\"\" width=\"1016\" height=\"762\" srcset=\"https:\/\/linitiative.ca\/International\/wp-content\/uploads\/sites\/23\/2021\/12\/Ph-Naon.jpeg 1016w, https:\/\/www.sidwaya.info\/wp-content\/uploads\/2021\/12\/Ph-Naon-300x225.jpeg 300w, https:\/\/www.sidwaya.info\/wp-content\/uploads\/2021\/12\/Ph-Naon-768x576.jpeg 768w, https:\/\/www.sidwaya.info\/wp-content\/uploads\/2021\/12\/Ph-Naon-150x113.jpeg 150w, https:\/\/www.sidwaya.info\/wp-content\/uploads\/2021\/12\/Ph-Naon-696x522.jpeg 696w, https:\/\/www.sidwaya.info\/wp-content\/uploads\/2021\/12\/Ph-Naon-560x420.jpeg 560w, https:\/\/www.sidwaya.info\/wp-content\/uploads\/2021\/12\/Ph-Naon-80x60.jpeg 80w, https:\/\/www.sidwaya.info\/wp-content\/uploads\/2021\/12\/Ph-Naon-265x198.jpeg 265w\" sizes=\"auto, (max-width: 1016px) 100vw, 1016px\"><\/p>\n<p><strong>Wamini Micheline OUEDRAOGO<\/strong><\/p>\n<p>\u00a0<\/p>\n<p>L\u2019article <a rel=\"nofollow\" href=\"https:\/\/www.sidwaya.info\/blog\/2021\/12\/16\/editions-sidwaya-le-siege-regional-du-centre-est-inaugure\/\">Editions Sidwaya\u00a0: Le si\u00e8ge r\u00e9gional du Centre-Est inaugur\u00e9<\/a> est apparu en premier sur <a rel=\"nofollow\" href=\"https:\/\/www.sidwaya.info\/\">Quotidien Sidwaya<\/a>.<\/p>\n<\/div>\n<p>Auteur: Wamini SIDWAYA<br \/>\n<a href=\"https:\/\/www.sidwaya.info\/blog\/2021\/12\/16\/editions-sidwaya-le-siege-regional-du-centre-est-inaugure\/\">Cliquez ici pour lire l&rsquo;article depuis sa source.<\/a><\/p>\n","protected":false},"excerpt":{"rendered":"<p>Le si\u00e8ge r\u00e9gional des Editions Sidwaya \u00e0 Tenkodogo du Centre-Est a \u00e9t\u00e9 inaugur\u00e9 ce jeudi 16 d\u00e9cembre 2021 en pr\u00e9sence du ministre en charge de la transition Energ\u00e9tique, Bachir Isma\u00ebl Ou\u00e9draogo, repr\u00e9sentant le Ministre de la communication, des Relations avec le parlement, de la Culture et du Tourisme, pr\u00e9sident de la c\u00e9r\u00e9monie. Dans le souci [&hellip;]<\/p>\n","protected":false},"author":1816,"featured_media":0,"comment_status":"closed","ping_status":"closed","sticky":false,"template":"","format":"standard","meta":{"fifu_image_url":"https:\/\/www.sidwaya.info\/wp-content\/uploads\/2021\/12\/Ph-famille.jpeg","fifu_image_alt":"Editions Sidwaya\u00a0: Le si\u00e8ge r\u00e9gional du Centre-Est inaugur\u00e9","footnotes":""},"categories":[73,81],"tags":[],"class_list":["post-136033","post","type-post","status-publish","format-standard","hentry","category-actualite","category-burkina-faso"],"_links":{"self":[{"href":"https:\/\/linitiative.ca\/International\/wp-json\/wp\/v2\/posts\/136033","targetHints":{"allow":["GET"]}}],"collection":[{"href":"https:\/\/linitiative.ca\/International\/wp-json\/wp\/v2\/posts"}],"about":[{"href":"https:\/\/linitiative.ca\/International\/wp-json\/wp\/v2\/types\/post"}],"author":[{"embeddable":true,"href":"https:\/\/linitiative.ca\/International\/wp-json\/wp\/v2\/users\/1816"}],"replies":[{"embeddable":true,"href":"https:\/\/linitiative.ca\/International\/wp-json\/wp\/v2\/comments?post=136033"}],"version-history":[{"count":0,"href":"https:\/\/linitiative.ca\/International\/wp-json\/wp\/v2\/posts\/136033\/revisions"}],"wp:attachment":[{"href":"https:\/\/linitiative.ca\/International\/wp-json\/wp\/v2\/media?parent=136033"}],"wp:term":[{"taxonomy":"category","embeddable":true,"href":"https:\/\/linitiative.ca\/International\/wp-json\/wp\/v2\/categories?post=136033"},{"taxonomy":"post_tag","embeddable":true,"href":"https:\/\/linitiative.ca\/International\/wp-json\/wp\/v2\/tags?post=136033"}],"curies":[{"name":"wp","href":"https:\/\/api.w.org\/{rel}","templated":true}]}}