{"id":136036,"date":"2021-12-16T14:18:03","date_gmt":"2021-12-16T19:18:03","guid":{"rendered":"https:\/\/linitiative.ca\/International\/senegal-six-secteurs-prioritaires-valides-pour-le-pse-vert\/"},"modified":"2021-12-16T14:18:03","modified_gmt":"2021-12-16T19:18:03","slug":"senegal-six-secteurs-prioritaires-valides-pour-le-pse-vert","status":"publish","type":"post","link":"https:\/\/linitiative.ca\/International\/senegal-six-secteurs-prioritaires-valides-pour-le-pse-vert\/","title":{"rendered":"S\u00e9n\u00e9gal : six secteurs prioritaires valid\u00e9s pour le PSE Vert"},"content":{"rendered":"<div>\n<p><img decoding=\"async\" width=\"2048\" height=\"1536\" src=\"https:\/\/linitiative.ca\/International\/wp-content\/uploads\/sites\/23\/2021\/12\/16396822843464.jpg\" class=\"attachment-post-thumbnail size-post-thumbnail wp-post-image\" alt=\"\" loading=\"lazy\" srcset=\"https:\/\/linitiative.ca\/International\/wp-content\/uploads\/sites\/23\/2021\/12\/16396822843464.jpg 2048w, https:\/\/www.journalducameroun.com\/wp-content\/uploads\/2021\/12\/16396822843464-300x225.jpg 300w, https:\/\/www.journalducameroun.com\/wp-content\/uploads\/2021\/12\/16396822843464-1024x768.jpg 1024w, https:\/\/www.journalducameroun.com\/wp-content\/uploads\/2021\/12\/16396822843464-768x576.jpg 768w, https:\/\/www.journalducameroun.com\/wp-content\/uploads\/2021\/12\/16396822843464-1536x1152.jpg 1536w, https:\/\/www.journalducameroun.com\/wp-content\/uploads\/2021\/12\/16396822843464-587x440.jpg 587w, https:\/\/www.journalducameroun.com\/wp-content\/uploads\/2021\/12\/16396822843464-600x450.jpg 600w\" sizes=\"auto, (max-width: 2048px) 100vw, 2048px\"><\/p>\n<p>Dakar va davantage investir dans l&rsquo;\u00e9conomie verte en mettant notamment l&rsquo;accent sur l&rsquo;agriculture.Le Programme PSE Vert est l&rsquo;une des priorit\u00e9s de la deuxi\u00e8me phase du Plan S\u00e9n\u00e9gal Emergent (PSE). Il vise \u00e0 apporter des r\u00e9ponses pratiques \u00e0 la probl\u00e9matique de la gestion de l&rsquo;environnement et des ressources naturelles.<\/p>\n<p>Les premiers jalons de la concr\u00e9tisation de ce projet ont \u00e9t\u00e9 pos\u00e9s ce jeudi. Sa premi\u00e8re phase de structuration a, en effet, \u00e9t\u00e9 boucl\u00e9e ce jour \u00e0 l&rsquo;occasion de l&rsquo;atelier de validation des orientations strat\u00e9giques retenues \u00e0 cet effet.<\/p>\n<p>Le PSE Vert va ainsi s&rsquo;articuler autour de six secteurs prioritaires que sont l&rsquo;agriculture, l&rsquo;\u00e9nergie, l&rsquo;eau et l&rsquo;assainissement, la foresterie et la construction.<\/p>\n<p>\u00ab Cela ne veut pas dire que les autres secteurs ne seront pas concern\u00e9s. Mais la structuration des r\u00e9formes et des projets se fera sur la base de ces secteurs \u00bb, a indiqu\u00e9 le Directeur G\u00e9n\u00e9ral du Bureau op\u00e9rationnel de suivi du Plan S\u00e9n\u00e9gal Emergent (PSE), El Ousseyni Kane.<\/p>\n<p>Pr\u00e9sent\u00e9 comme l&rsquo;expression de la n\u00e9cessit\u00e9 d&rsquo;une transition agro-\u00e9cologique avec comme imp\u00e9ratif, le reverdissement du S\u00e9n\u00e9gal, le PSE Vert traduit la volont\u00e9 des d\u00e9cideurs publics en faveur d&rsquo;un d\u00e9veloppement fond\u00e9 sur des modes de production et des syst\u00e8mes alimentaires plus durables.<\/p>\n<p>A travers ce projet, le S\u00e9n\u00e9gal ambitionne de verdir son \u00e9conomie, d&rsquo;asseoir un mod\u00e8le de d\u00e9veloppement respectueux de la nature et ayant au c\u0153ur les enjeux climatiques, mais aussi de tirer le maximum des investissements verts avec le Fonds climat.<\/p>\n<p>\u00ab Il ne faut pas comprendre le PSE vert comme uniquement du d\u00e9veloppement durable et de la protection de l&rsquo;environnement. C&rsquo;est une \u00e9conomie verte avec des opportunit\u00e9s d&rsquo;investissement et de cr\u00e9ation d&#8217;emplois \u00bb, a clarifi\u00e9 M. Kane.<\/p>\n<p>De son c\u00f4t\u00e9, le ministre aupr\u00e8s du pr\u00e9sident de la R\u00e9publique en charge du suivi du PSE, Abdou Karim Fofana, a rappel\u00e9 que l&rsquo;environnement n&rsquo;a auparavant jamais \u00e9t\u00e9 consid\u00e9r\u00e9 comme un secteur \u00e9conomique \u00e0 part enti\u00e8re, mais plut\u00f4t comme un domaine r\u00e9serv\u00e9 \u00e0 l&rsquo;administration pour des politiques de conservation et de protection.<\/p>\n<p>\u00ab Mais aujourd&rsquo;hui, il y a un r\u00e9el potentiel \u00e9conomique dans ce secteur. Et c&rsquo;est pour cette raison que nous invitons le secteur priv\u00e9 \u00e0 davantage prendre connaissance de ces opportunit\u00e9s et \u00e0 les exploiter. Cela nous permettra de mat\u00e9rialiser le concept de croissance verte mais aussi bleu qui touche les aspects oc\u00e9anique et hydraulique \u00bb, a-t-il d\u00e9clar\u00e9.<\/p>\n<p>Dans cette phase de structuration, le Bos travaille en partenariat avec le minist\u00e8re de l&rsquo;Environnement et du D\u00e9veloppement durable et l&rsquo;Institut mondial pour la croissance verte (Global Green Growth Institute (GGGI, sigle en anglais).<\/p>\n<p>Cet article <a rel=\"nofollow\" href=\"https:\/\/www.journalducameroun.com\/senegal-six-secteurs-prioritaires-valides-pour-le-pse-vert\/\">S\u00e9n\u00e9gal : six secteurs prioritaires valid\u00e9s pour le PSE Vert<\/a> est apparu en premier sur <a rel=\"nofollow\" href=\"https:\/\/www.journalducameroun.com\/\">Journal du Cameroun<\/a>.<\/p>\n<\/div>\n<p>Auteur: APA News<br \/>\n<a href=\"https:\/\/www.journalducameroun.com\/senegal-six-secteurs-prioritaires-valides-pour-le-pse-vert\/\">Cliquez ici pour lire l&rsquo;article depuis sa source.<\/a><\/p>\n","protected":false},"excerpt":{"rendered":"<p>Dakar va davantage investir dans l&rsquo;\u00e9conomie verte en mettant notamment l&rsquo;accent sur l&rsquo;agriculture.Le Programme PSE Vert est l&rsquo;une des priorit\u00e9s de la deuxi\u00e8me phase du Plan S\u00e9n\u00e9gal Emergent (PSE). Il vise \u00e0 apporter des r\u00e9ponses pratiques \u00e0 la probl\u00e9matique de la gestion de l&rsquo;environnement et des ressources naturelles. Les premiers jalons de la concr\u00e9tisation de [&hellip;]<\/p>\n","protected":false},"author":1965,"featured_media":0,"comment_status":"closed","ping_status":"closed","sticky":false,"template":"","format":"standard","meta":{"fifu_image_url":"https:\/\/www.journalducameroun.com\/wp-content\/uploads\/2021\/12\/16396822843464.jpg","fifu_image_alt":"S\u00e9n\u00e9gal : six secteurs prioritaires valid\u00e9s pour le PSE Vert","footnotes":""},"categories":[73,82],"tags":[],"class_list":["post-136036","post","type-post","status-publish","format-standard","hentry","category-actualite","category-cameroun"],"_links":{"self":[{"href":"https:\/\/linitiative.ca\/International\/wp-json\/wp\/v2\/posts\/136036","targetHints":{"allow":["GET"]}}],"collection":[{"href":"https:\/\/linitiative.ca\/International\/wp-json\/wp\/v2\/posts"}],"about":[{"href":"https:\/\/linitiative.ca\/International\/wp-json\/wp\/v2\/types\/post"}],"author":[{"embeddable":true,"href":"https:\/\/linitiative.ca\/International\/wp-json\/wp\/v2\/users\/1965"}],"replies":[{"embeddable":true,"href":"https:\/\/linitiative.ca\/International\/wp-json\/wp\/v2\/comments?post=136036"}],"version-history":[{"count":0,"href":"https:\/\/linitiative.ca\/International\/wp-json\/wp\/v2\/posts\/136036\/revisions"}],"wp:attachment":[{"href":"https:\/\/linitiative.ca\/International\/wp-json\/wp\/v2\/media?parent=136036"}],"wp:term":[{"taxonomy":"category","embeddable":true,"href":"https:\/\/linitiative.ca\/International\/wp-json\/wp\/v2\/categories?post=136036"},{"taxonomy":"post_tag","embeddable":true,"href":"https:\/\/linitiative.ca\/International\/wp-json\/wp\/v2\/tags?post=136036"}],"curies":[{"name":"wp","href":"https:\/\/api.w.org\/{rel}","templated":true}]}}