{"id":13605,"date":"2019-02-12T17:51:12","date_gmt":"2019-02-12T22:51:12","guid":{"rendered":"https:\/\/linitiative.ca\/International\/developpement-et-travail-non-remunere-des-femmes-quels-enjeux-pour-lespace-francophone\/"},"modified":"2019-02-12T17:51:12","modified_gmt":"2019-02-12T22:51:12","slug":"developpement-et-travail-non-remunere-des-femmes-quels-enjeux-pour-lespace-francophone","status":"publish","type":"post","link":"https:\/\/linitiative.ca\/International\/developpement-et-travail-non-remunere-des-femmes-quels-enjeux-pour-lespace-francophone\/","title":{"rendered":"D\u00e9veloppement et travail non r\u00e9mun\u00e9r\u00e9 des femmes : Quels enjeux pour l\u2019espace francophone ?"},"content":{"rendered":"<div class=\"td-post-featured-image\"><a href=\"https:\/\/i1.wp.com\/www.sidwaya.info\/wp-content\/uploads\/2019\/02\/oif.jpg?fit=600%2C400&#038;ssl=1\" data-caption=\"\"><img loading=\"lazy\" decoding=\"async\" width=\"600\" height=\"400\" class=\"entry-thumb td-modal-image\" src=\"https:\/\/i1.wp.com\/www.sidwaya.info\/wp-content\/uploads\/2019\/02\/oif.jpg?resize=600%2C400&#038;ssl=1\" srcset=\"https:\/\/i1.wp.com\/www.sidwaya.info\/wp-content\/uploads\/2019\/02\/oif.jpg?w=600&#038;ssl=1 600w, https:\/\/i1.wp.com\/www.sidwaya.info\/wp-content\/uploads\/2019\/02\/oif.jpg?resize=300%2C200&#038;ssl=1 300w\" sizes=\"auto, (max-width: 600px) 100vw, 600px\" alt=\"\" title=\"oif\"\/><\/a><\/div>\n<p><strong>A la faveur de l\u2019ouvrage intitul\u00e9 \u00ab\u00a0Le travail non r\u00e9mun\u00e9r\u00e9\u00a0: enjeux pour le d\u00e9veloppement\u00a0\u00bb, publi\u00e9 par notre compatriote Dr Barbara KY, une conf\u00e9rence-d\u00e9bat a \u00e9t\u00e9 organis\u00e9e le jeudi 7 f\u00e9vrier 2019 au si\u00e8ge de l\u2019Organisation internationale de la Francophonie (OIF) \u00e0 Paris sur le th\u00e8me\u00a0: \u00ab\u00a0D\u00e9veloppement et travail non r\u00e9mun\u00e9r\u00e9 des femmes: quels enjeux pour l\u2019espace francophone\u00a0\u00bb. Elle a \u00e9t\u00e9 co-anim\u00e9e par Dr Ga\u00eblle FERRANT de l\u2019OCDE, les professeurs \u00e9m\u00e9rites Jean-Luc DUBOIS et Jacques CHARMES de l\u2019IRD et Dr KY qui, \u00e0 l\u2019occasion, a proc\u00e9d\u00e9 \u00e0 la d\u00e9dicace de son livre publi\u00e9 aux \u00e9ditions l\u2019Harmattant dans la collection \u00c9thique \u00c9conomique.<\/strong><\/p>\n<p>La 63e session de la Commission de la condition de la femme (CCF) du Conseil \u00e9conomique et social des Nations unies (ECOSOC) pr\u00e9vue du 11 au 22 mars 2019 aura pour th\u00e8me\u00a0: \u00ab\u00a0Les syst\u00e8mes de protection sociale, l\u2019acc\u00e8s aux services publics et les infrastructures durables au service de l\u2019\u00e9galit\u00e9 des sexes et de l\u2019autonomisation des femmes et des filles\u00a0\u00bb. Ce th\u00e8me s\u2019inscrit pleinement dans le Programme de d\u00e9veloppement durable \u00e0 l\u2019horizon 2030. Dans cette optique, la question du travail non r\u00e9mun\u00e9r\u00e9 des femmes repr\u00e9sente une probl\u00e9matique majeure. Elle interpelle les Etats francophones en ce qu\u2019elle questionne l\u2019acc\u00e8s des femmes \u00e0 l\u2019autonomisation \u00e9conomique, \u00e0 un emploi formel ainsi qu\u2019\u00e0 la protection sociale.<\/p>\n<p>Abordant le sujet, Dr Barbara KY, \u00e9conomiste, Directrice du Genre \u00e0 l\u2019Union \u00e9conomique et mon\u00e9taire ouest africaine (UEMOA), a \u00e9clair\u00e9 l\u2019auditoire sur les enjeux qu\u2019il pr\u00e9sente pour le d\u00e9veloppement dans son livre. Cet ouvrage traite de la question du travail non r\u00e9mun\u00e9r\u00e9 en sciences \u00e9conomiques, qui s\u2019inscrit dans le d\u00e9bat plus global de la comptabilisation de la production non marchande des m\u00e9nages, sujet qui a fait l\u2019objet d\u2019une th\u00e8se soutenue par l\u2019autrice en 2010 \u00e0 l\u2019Universit\u00e9 Paris Descartes.<\/p>\n<p>A l\u2019\u00e9poque, le travail non r\u00e9mun\u00e9r\u00e9 n\u2019\u00e9tait pas mentionn\u00e9 dans les Objectifs du D\u00e9veloppement pour le Mill\u00e9naire. L\u2019argumentaire du Dr KY \u00e9tait de d\u00e9montrer la n\u00e9cessit\u00e9 de le prendre en compte dans les politiques de d\u00e9veloppement. Cette r\u00e9flexion a eu un \u00e9cho favorable dans l\u2019espace public au niveau local, national, r\u00e9gional et m\u00eame universel puisque le travail non r\u00e9mun\u00e9r\u00e9 a \u00e9t\u00e9 inscrit en 2015 comme une des cibles des Objectifs du D\u00e9veloppement Durable (ODD).<\/p>\n<p>\u00ab\u00a0En comptabilit\u00e9 nationale, le Produit Int\u00e9rieur Brut (PIB) refl\u00e8te-t-il la r\u00e9alit\u00e9 des cr\u00e9ations de valeur ? Qu\u2019en est-il des productions non marchandes telles que le travail non r\u00e9mun\u00e9r\u00e9\u00a0?\u00a0\u00bb, s\u2019interroge Barbara KY. Si celui-ci est aussi bien le fait des hommes que des femmes, \u00ab\u00a0force est de reconnaitre qu\u2019il est davantage l\u2019apanage des femmes\u00a0\u00bb, pense la Directrice du Genre de l\u2019UEMOA.<\/p>\n<p>Ce livre \u00e9tablit le lien entre \u00ab\u00a0l\u2019\u00e9volution dans la pens\u00e9e \u00e9conomique, du discours sur la pauvret\u00e9, l\u2019int\u00e9gration progressive des r\u00f4les sexu\u00e9s \u00e0 l\u2019analyse \u00e9conomique, et la comptabilisation du travail non r\u00e9mun\u00e9r\u00e9 en prenant comme cas pratique le Burkina Faso\u00a0\u00bb. L\u2019ensemble de la r\u00e9flexion est plac\u00e9e au c\u0153ur de la th\u00e9orie des capabilit\u00e9s d\u00e9velopp\u00e9e par l\u2019\u00e9conomiste Amartya Sen (1999), prix Nobel d\u2019\u00e9conomie (1998) avec qui Dr KY a eu la chance de collaborer \u00e0 l\u2019issue de ses travaux de recherche. Pour le cas du Burkina Faso, elle y a conduit une enqu\u00eate budget temps, la premi\u00e8re du genre en 2009 pour estimer l\u2019ampleur du travail non r\u00e9mun\u00e9r\u00e9 des hommes et des femmes.<\/p>\n<p>Il s\u2019av\u00e8re que ce travail repr\u00e9sente au moins 65% du PIB. Ce type d\u2019enqu\u00eate permet \u00e9galement de corriger les statistiques de la main-d\u2019\u0153uvre qui contribue r\u00e9ellement \u00e0 la production. Ainsi, l\u2019ouvrage propose, dans une perspective aussi bien macro\u00e9conomique que micro\u00e9conomique, une alternative en faveur d\u2019un d\u00e9veloppement humain reposant sur des fondamentaux \u00e9conomiques, soucieux d\u2019\u00e9quit\u00e9.<\/p>\n<p class=\"c1\"><strong>Service presse de l\u2019Ambassade du Burkina Faso \u00e0 Paris<\/strong><\/p>\n<div class=\"td-a-rec td-a-rec-id-content_bottom td_uid_21_5c6440254c504_rand td_block_template_1\"><img loading=\"lazy\" decoding=\"async\" class=\"alignright size-full wp-image-1724\" src=\"https:\/\/www.sidwaya.info\/wp-content\/uploads\/2018\/12\/sidwaya-pub.jpg\" alt=\"\" width=\"720\" height=\"90\"\/><\/div>\n<p>Auteur: DB. Sidwaya<br \/>\n<a href=\"https:\/\/www.sidwaya.info\/blog\/2019\/02\/12\/developpement-et-travail-non-remunere-des-femmes-quels-enjeux-pour-lespace-francophone\/\">Cliquez ici pour lire l&rsquo;article depuis sa source.<\/a><\/p>\n","protected":false},"excerpt":{"rendered":"<p>A la faveur de l\u2019ouvrage intitul\u00e9 \u00ab\u00a0Le travail non r\u00e9mun\u00e9r\u00e9\u00a0: enjeux pour le d\u00e9veloppement\u00a0\u00bb, publi\u00e9 par notre compatriote Dr Barbara KY, une conf\u00e9rence-d\u00e9bat a \u00e9t\u00e9 organis\u00e9e le jeudi 7 f\u00e9vrier 2019 au si\u00e8ge de l\u2019Organisation internationale de la Francophonie (OIF) \u00e0 Paris sur le th\u00e8me\u00a0: \u00ab\u00a0D\u00e9veloppement et travail non r\u00e9mun\u00e9r\u00e9 des femmes: quels enjeux pour [&hellip;]<\/p>\n","protected":false},"author":1816,"featured_media":0,"comment_status":"closed","ping_status":"closed","sticky":false,"template":"","format":"standard","meta":{"fifu_image_url":"","fifu_image_alt":"","footnotes":""},"categories":[73,81],"tags":[],"class_list":["post-13605","post","type-post","status-publish","format-standard","hentry","category-actualite","category-burkina-faso"],"_links":{"self":[{"href":"https:\/\/linitiative.ca\/International\/wp-json\/wp\/v2\/posts\/13605","targetHints":{"allow":["GET"]}}],"collection":[{"href":"https:\/\/linitiative.ca\/International\/wp-json\/wp\/v2\/posts"}],"about":[{"href":"https:\/\/linitiative.ca\/International\/wp-json\/wp\/v2\/types\/post"}],"author":[{"embeddable":true,"href":"https:\/\/linitiative.ca\/International\/wp-json\/wp\/v2\/users\/1816"}],"replies":[{"embeddable":true,"href":"https:\/\/linitiative.ca\/International\/wp-json\/wp\/v2\/comments?post=13605"}],"version-history":[{"count":0,"href":"https:\/\/linitiative.ca\/International\/wp-json\/wp\/v2\/posts\/13605\/revisions"}],"wp:attachment":[{"href":"https:\/\/linitiative.ca\/International\/wp-json\/wp\/v2\/media?parent=13605"}],"wp:term":[{"taxonomy":"category","embeddable":true,"href":"https:\/\/linitiative.ca\/International\/wp-json\/wp\/v2\/categories?post=13605"},{"taxonomy":"post_tag","embeddable":true,"href":"https:\/\/linitiative.ca\/International\/wp-json\/wp\/v2\/tags?post=13605"}],"curies":[{"name":"wp","href":"https:\/\/api.w.org\/{rel}","templated":true}]}}