{"id":136057,"date":"2021-12-16T13:00:00","date_gmt":"2021-12-16T18:00:00","guid":{"rendered":"https:\/\/linitiative.ca\/International\/un-hommage-singulier-a-la-colombe-blanche\/"},"modified":"2021-12-16T13:00:00","modified_gmt":"2021-12-16T18:00:00","slug":"un-hommage-singulier-a-la-colombe-blanche","status":"publish","type":"post","link":"https:\/\/linitiative.ca\/International\/un-hommage-singulier-a-la-colombe-blanche\/","title":{"rendered":"Un hommage singulier \u00e0 la Colombe Blanche !"},"content":{"rendered":"<div>\n<p class=\"has-text-align-center has-vivid-red-color has-text-color\"><strong>\u00ab\u00a0T\u00e9touan, H\u00e9ritages et Ambitions M\u00e9diterran\u00e9ennes\u00a0\u00bb<\/strong><strong><\/strong><\/p>\n<p class=\"has-text-align-right has-black-color has-text-color\"><strong>Mohamed Nait Youssef<\/strong><\/p>\n<p class=\"has-black-color has-text-color\"><strong>\u00abT\u00e9touan, H\u00e9ritages et Ambitions M\u00e9diterran\u00e9ennes\u00a0\u00bb, beau-livre fraichement \u00e9dit\u00e9 par les \u00c9ditions Axions-communication sous la direction de Karima Benyaich et Sa\u00e2d Hossini, est un bel hommage, une ode \u00e0 la Colombe Blanche, ville aux histoires et cultures multiples. Comment peut-on alors d\u00e9finir une si belle ville mill\u00e9naire, lumineuse, ouverte et universelle\u00a0? Ce bel ouvrage apporte certes\u00a0 un \u00e9clairage sur ce joyau patrimonial mondial et civilisationnel hors-pair, mais il a pu, incontestablement, saisir l\u2019\u00e2me po\u00e9tique de la Petite Grenade, comme certains aimaient ainsi l\u2019appeler. \u00abTour \u00e0 tour ph\u00e9nicienne, carthaginoise, mauritanienne,\u00a0romaine, espagnole et, d\u00e9finitivement, marocaine, T\u00e9touan invite \u00e0 penser l\u2019histoire non seulement \u00e0 l\u2019\u00e9chelle r\u00e9gionale mais surtout m\u00e9diterran\u00e9enne. Au fil des si\u00e8cles et des vagues migratoires, les protagonistes ont mut\u00e9, mais pas la ville\u00a0: toujours ouverte, immuable et pr\u00eate \u00e0 apporter sa contribution aux avanc\u00e9es m\u00e9diterran\u00e9ennes successives, \u00e0 rappeler le poids et le r\u00f4le de cette rive sud de la Mare nostrum dans le fa\u00e7onnement des plus beaux et des plus grands id\u00e9aux humains et, au fond, d\u2019une certaine id\u00e9e de l\u2019homme et de la civilisation.\u00bb, peut-on lire dans une pr\u00e9face co\u00e9crite par Karima Benyaich et Saad Hossini. \u00a0<\/strong><\/p>\n<p class=\"has-black-color has-text-color\"><strong>T\u00e9touan, la fascinante, l\u2019inspirante\u2026<\/strong><\/p>\n<p class=\"has-black-color has-text-color\">La muse, la bien-aim\u00e9e\u2026 la beaut\u00e9, l\u2019histoire et la verve de T\u00e9touan sont \u00a0d\u00e9crites et r\u00e9\u00e9crites par une belle brochette de belles plumes\u00a0: Fatima Ait Mhand, Abdelouahed Akmir, M\u2019hammad Benaboud, Salomon Benatar, Karima Benyaich, Mohamed Bouissef Rekkab, Mehdi Chaachoo, Ismail Charia, Charifa Dahrouch, Hasna Daoud, Abdelalem Dinia, Abderrahman El Fathi, Mustapha El Hor, Ahmed El Housni, Yousra El Housni, Jamal Hajjam, Sa\u00e2d Hossini, Charafeddine Majdouline, Sghir Mokhlis, Lotfi Mrini, Anas Sordo, Mohamed Touijer, Abdelaziz Tribak et Mehdi Zouak.<\/p>\n<p class=\"has-black-color has-text-color\">Le beau-livre am\u00e8ne le lecteur \u00e0 une d\u00e9couverte\/red\u00e9couverte de la ville par des textes et des images fascinantes prises par l\u2019\u0153il sensible et esth\u00e9tique du photographe talentueux et chevronn\u00e9, Teddy Seguin. Et l\u2019aventure commence, en effet, par un regard si profond et dense sur l\u2019histoire multis\u00e9culaire de T\u00e9touan avec un clin d\u2019\u0153il \u00e0 Tamuda, aux \u00e9l\u00e9ments historiques marquants\u00a0 dont \u00a0la lutte pour la souverainet\u00e9 du Royaume, la guerre de T\u00e9touan de 1860, le mouvement national et la R\u00e9sistance arm\u00e9e dans le Nord du Maroc, la presse nationaliste ainsi que les \u00e9tapes majeures de la fondation de la cit\u00e9. Une ville, c\u2019est aussi son patrimoine \u00e0 la fois mat\u00e9riel et immat\u00e9riel.<\/p>\n<p class=\"has-black-color has-text-color\"><strong>Une ville, des vies et des passerelles\u2026<\/strong><\/p>\n<p class=\"has-black-color has-text-color\">\u00a0La publication propose \u00e9galement un p\u00e9riple dans les lieux embl\u00e9matiques, historiques, culturels et patrimoniaux de la ville dite aussi \u00abLa petite J\u00e9rusalem\u00bb. Le volet civilisation et historique de T\u00e9touan a \u00e9t\u00e9 soigneusement mis \u00a0en valeur dans le livre en montrant les r\u00f4les fondamentaux dans la construction des passerelles entre l\u2019Orient et l\u2019Occident, le Nord et le Sud.<\/p>\n<p class=\"has-black-color has-text-color\">\u00abPoint de jonction entre l\u2019Afrique et l\u2019Europe, T\u00e9touan est l\u2019exemple de symbiose entre tradition et modernit\u00e9, entre dialogue et ouverture.\u00a0\u00bb, ajoutent les auteurs de la pr\u00e9face.<\/p>\n<p class=\"has-black-color has-text-color\">Toutefois, \u00abT\u00e9touan, H\u00e9ritages et Ambitions M\u00e9diterran\u00e9ennes\u00a0\u00bb braque les lumi\u00e8res sur la diversit\u00e9 des composantes, \u00e0 savoir orientale, andalouse, m\u00e9diterran\u00e9enne o\u00f9 les cultures, les religions et les civilisations ont cohabit\u00e9 en toute harmonie.<\/p>\n<p class=\"has-black-color has-text-color\">Qui dit T\u00e9touan, dit aussi ses femmes, ses hommes, ses guerres et ses paix. Dans cet esprit, un vibrant hommage a \u00e9t\u00e9 rendu aux figures de proue des mondes des arts, de la culture, de la politique, du sport, de l\u2019histoire.<\/p>\n<p class=\"has-black-color has-text-color\">En outre, l\u2019art de vivre, l\u2019artisanat, le cin\u00e9ma, les arts plastiques, le th\u00e9\u00e2tre, le tourisme, les loisirs, le sport ne sont pas en reste des sujets abord\u00e9s dans l\u2019ouvrage.<\/p>\n<p class=\"has-black-color has-text-color\">Mus\u00e9e \u00e0 ciel ouvert, les murailles, les ruelles, les demeures, les portes, les traditions, les couleurs et les odeurs de T\u00e9touan ont inspir\u00e9, au fil des ann\u00e9es et des si\u00e8cles, les po\u00e8tes, les peintres, les musiciens et les historiens. Ce beau-livre est une invitation au voyage, \u00e0 la rencontre et \u00e0\u00a0 la d\u00e9couverte des tr\u00e9sors de cette ville. C\u2019est un ouvrage \u00e0 offrir en ces temps de f\u00eates de fin d\u2019ann\u00e9e.<\/p>\n<p>L\u2019article <a rel=\"nofollow\" href=\"http:\/\/albayane.press.ma\/un-hommage-singulier-a-la-colombe-blanche.html\">Un hommage singulier \u00e0 la Colombe Blanche !<\/a> est apparu en premier sur <a rel=\"nofollow\" href=\"http:\/\/albayane.press.ma\/\">ALBAYANE<\/a>.<\/p>\n<\/div>\n<p>Auteur: M&rsquo;hammed rahal<br \/>\n<a href=\"http:\/\/albayane.press.ma\/un-hommage-singulier-a-la-colombe-blanche.html\">Cliquez ici pour lire l&rsquo;article depuis sa source.<\/a><\/p>\n","protected":false},"excerpt":{"rendered":"<p>\u00ab\u00a0T\u00e9touan, H\u00e9ritages et Ambitions M\u00e9diterran\u00e9ennes\u00a0\u00bb Mohamed Nait Youssef \u00abT\u00e9touan, H\u00e9ritages et Ambitions M\u00e9diterran\u00e9ennes\u00a0\u00bb, beau-livre fraichement \u00e9dit\u00e9 par les \u00c9ditions Axions-communication sous la direction de Karima Benyaich et Sa\u00e2d Hossini, est un bel hommage, une ode \u00e0 la Colombe Blanche, ville aux histoires et cultures multiples. Comment peut-on alors d\u00e9finir une si belle ville mill\u00e9naire, lumineuse, [&hellip;]<\/p>\n","protected":false},"author":1760,"featured_media":0,"comment_status":"closed","ping_status":"closed","sticky":false,"template":"","format":"standard","meta":{"fifu_image_url":"","fifu_image_alt":"","footnotes":""},"categories":[73,54],"tags":[],"class_list":["post-136057","post","type-post","status-publish","format-standard","hentry","category-actualite","category-maroc"],"_links":{"self":[{"href":"https:\/\/linitiative.ca\/International\/wp-json\/wp\/v2\/posts\/136057","targetHints":{"allow":["GET"]}}],"collection":[{"href":"https:\/\/linitiative.ca\/International\/wp-json\/wp\/v2\/posts"}],"about":[{"href":"https:\/\/linitiative.ca\/International\/wp-json\/wp\/v2\/types\/post"}],"author":[{"embeddable":true,"href":"https:\/\/linitiative.ca\/International\/wp-json\/wp\/v2\/users\/1760"}],"replies":[{"embeddable":true,"href":"https:\/\/linitiative.ca\/International\/wp-json\/wp\/v2\/comments?post=136057"}],"version-history":[{"count":0,"href":"https:\/\/linitiative.ca\/International\/wp-json\/wp\/v2\/posts\/136057\/revisions"}],"wp:attachment":[{"href":"https:\/\/linitiative.ca\/International\/wp-json\/wp\/v2\/media?parent=136057"}],"wp:term":[{"taxonomy":"category","embeddable":true,"href":"https:\/\/linitiative.ca\/International\/wp-json\/wp\/v2\/categories?post=136057"},{"taxonomy":"post_tag","embeddable":true,"href":"https:\/\/linitiative.ca\/International\/wp-json\/wp\/v2\/tags?post=136057"}],"curies":[{"name":"wp","href":"https:\/\/api.w.org\/{rel}","templated":true}]}}