{"id":136074,"date":"2021-12-17T13:34:17","date_gmt":"2021-12-17T18:34:17","guid":{"rendered":"https:\/\/linitiative.ca\/International\/covid-19-des-campagnes-de-sensibilisation-sur-le-respect-des-mesures\/"},"modified":"2021-12-17T13:34:17","modified_gmt":"2021-12-17T18:34:17","slug":"covid-19-des-campagnes-de-sensibilisation-sur-le-respect-des-mesures","status":"publish","type":"post","link":"https:\/\/linitiative.ca\/International\/covid-19-des-campagnes-de-sensibilisation-sur-le-respect-des-mesures\/","title":{"rendered":"Covid-19: Des campagnes de sensibilisation sur le respect des mesures"},"content":{"rendered":"<div>\n<div style=\"margin-bottom:20px;\"><img loading=\"lazy\" decoding=\"async\" width=\"750\" height=\"430\" src=\"https:\/\/linitiative.ca\/International\/wp-content\/uploads\/sites\/23\/2021\/12\/mesures-1-copier.jpg\" class=\"attachment-post-thumbnail size-post-thumbnail wp-post-image\" alt=\"\" srcset=\"https:\/\/linitiative.ca\/International\/wp-content\/uploads\/sites\/23\/2021\/12\/mesures-1-copier.jpg 750w, https:\/\/www.mapmarrakech.ma\/map\/uploads\/2021\/12\/mesures-1-copier-300x172.jpg 300w\" sizes=\"auto, (max-width: 750px) 100vw, 750px\"><\/div>\n<p>Dans ce sens, la commission conjointe veille \u00e0 sensibiliser les citoyens sur l\u2019imp\u00e9ratif majeur de se conformer aux mesures de pr\u00e9vention anti-Covid-19, notamment la distanciation physique, l\u2019usage correct des masques de protection, tout en proc\u00e9dant \u00e0 des v\u00e9rifications de la validit\u00e9 du Pass vaccinal.<\/p>\n<p>Compos\u00e9e notamment de repr\u00e9sentants des autorit\u00e9s locales et du d\u00e9partement de la sant\u00e9, ainsi que des forces auxiliaires, cette commission effectue ainsi des tourn\u00e9es dans diff\u00e9rents boulevards et quartiers de la Cit\u00e9 de l\u2019Oc\u00e9an, afin de s\u2019assurer au mieux du respect rigoureux des mesures sanitaires d\u00e9cr\u00e9t\u00e9es par les autorit\u00e9s comp\u00e9tentes pour enrayer la Covid-19.<\/p>\n<p>Dans la m\u00eame lign\u00e9e, des campagnes de sensibilisation sur l\u2019importance de la vaccination comme rempart contre la propagation du nouveau coronavirus sont men\u00e9es aupr\u00e8s des citoyens non encore vaccin\u00e9s, afin de les inviter \u00e0 s\u2019acquitter massivement de ce devoir national, en s\u2019orientant vers les centres de vaccination pour recevoir leurs doses, et contribuer, ainsi, \u00e0 atteindre l\u2019immunit\u00e9 collective et \u00e0 pr\u00e9server l\u2019ensemble des acquis d\u00e9j\u00e0 r\u00e9alis\u00e9s par le Maroc en la mati\u00e8re.<\/p>\n<p>The post <a rel=\"nofollow\" href=\"https:\/\/www.mapmarrakech.ma\/fr\/covid-19-des-campagnes-intenses-de-sensibilisation-sur-le-respect-des-mesures\/\">Covid-19: Des campagnes de sensibilisation sur le respect des mesures<\/a> appeared first on <a rel=\"nofollow\" href=\"https:\/\/www.mapmarrakech.ma\/fr\">MapMarrakech<\/a>.<\/p>\n<\/div>\n<p>Auteur: Meriem IGASS<br \/>\n<a href=\"https:\/\/www.mapmarrakech.ma\/fr\/covid-19-des-campagnes-intenses-de-sensibilisation-sur-le-respect-des-mesures\/\">Cliquez ici pour lire l&rsquo;article depuis sa source.<\/a><\/p>\n","protected":false},"excerpt":{"rendered":"<p>Dans ce sens, la commission conjointe veille \u00e0 sensibiliser les citoyens sur l\u2019imp\u00e9ratif majeur de se conformer aux mesures de pr\u00e9vention anti-Covid-19, notamment la distanciation physique, l\u2019usage correct des masques de protection, tout en proc\u00e9dant \u00e0 des v\u00e9rifications de la validit\u00e9 du Pass vaccinal. Compos\u00e9e notamment de repr\u00e9sentants des autorit\u00e9s locales et du d\u00e9partement de [&hellip;]<\/p>\n","protected":false},"author":1788,"featured_media":0,"comment_status":"closed","ping_status":"closed","sticky":false,"template":"","format":"standard","meta":{"fifu_image_url":"https:\/\/www.mapmarrakech.ma\/map\/uploads\/2021\/12\/mesures-1-copier.jpg","fifu_image_alt":"Covid-19: Des campagnes de sensibilisation sur le respect des mesures","footnotes":""},"categories":[54,76],"tags":[],"class_list":["post-136074","post","type-post","status-publish","format-standard","hentry","category-maroc","category-regions"],"_links":{"self":[{"href":"https:\/\/linitiative.ca\/International\/wp-json\/wp\/v2\/posts\/136074","targetHints":{"allow":["GET"]}}],"collection":[{"href":"https:\/\/linitiative.ca\/International\/wp-json\/wp\/v2\/posts"}],"about":[{"href":"https:\/\/linitiative.ca\/International\/wp-json\/wp\/v2\/types\/post"}],"author":[{"embeddable":true,"href":"https:\/\/linitiative.ca\/International\/wp-json\/wp\/v2\/users\/1788"}],"replies":[{"embeddable":true,"href":"https:\/\/linitiative.ca\/International\/wp-json\/wp\/v2\/comments?post=136074"}],"version-history":[{"count":0,"href":"https:\/\/linitiative.ca\/International\/wp-json\/wp\/v2\/posts\/136074\/revisions"}],"wp:attachment":[{"href":"https:\/\/linitiative.ca\/International\/wp-json\/wp\/v2\/media?parent=136074"}],"wp:term":[{"taxonomy":"category","embeddable":true,"href":"https:\/\/linitiative.ca\/International\/wp-json\/wp\/v2\/categories?post=136074"},{"taxonomy":"post_tag","embeddable":true,"href":"https:\/\/linitiative.ca\/International\/wp-json\/wp\/v2\/tags?post=136074"}],"curies":[{"name":"wp","href":"https:\/\/api.w.org\/{rel}","templated":true}]}}