{"id":136090,"date":"2021-12-17T10:35:00","date_gmt":"2021-12-17T15:35:00","guid":{"rendered":"https:\/\/linitiative.ca\/International\/wanda-nara-la-compagne-de-mauro-icardi-accusee-de-blanchiment-dargent\/"},"modified":"2021-12-17T10:35:00","modified_gmt":"2021-12-17T15:35:00","slug":"wanda-nara-la-compagne-de-mauro-icardi-accusee-de-blanchiment-dargent","status":"publish","type":"post","link":"https:\/\/linitiative.ca\/International\/wanda-nara-la-compagne-de-mauro-icardi-accusee-de-blanchiment-dargent\/","title":{"rendered":"Wanda Nara, la compagne de Mauro Icardi, accus\u00e9e de blanchiment d&rsquo;argent !"},"content":{"rendered":"<div>En cause, le chiffre d&rsquo;affaires de la soci\u00e9t\u00e9 de Wanda Nara, qui aurait profit\u00e9 de revenus extra-sportifs ill\u00e9gaux afin de ne pas payer certaines taxes&#8230;<\/div>\n<p>Auteur:<br \/>\n<a href=\"https:\/\/www.lebuteur.com\/article\/detail?titre=wanda-nara-la-compagne-de-mauro-icardi-accusee-de-blanchiment-dargent&#038;id=101841\">Cliquez ici pour lire l&rsquo;article depuis sa source.<\/a><\/p>\n","protected":false},"excerpt":{"rendered":"<p>En cause, le chiffre d&rsquo;affaires de la soci\u00e9t\u00e9 de Wanda Nara, qui aurait profit\u00e9 de revenus extra-sportifs ill\u00e9gaux afin de ne pas payer certaines taxes&#8230; Auteur: Cliquez ici pour lire l&rsquo;article depuis sa source.<\/p>\n","protected":false},"author":1738,"featured_media":0,"comment_status":"closed","ping_status":"closed","sticky":false,"template":"","format":"standard","meta":{"fifu_image_url":"","fifu_image_alt":"","footnotes":""},"categories":[53,75],"tags":[],"class_list":["post-136090","post","type-post","status-publish","format-standard","hentry","category-algerie","category-sport"],"_links":{"self":[{"href":"https:\/\/linitiative.ca\/International\/wp-json\/wp\/v2\/posts\/136090","targetHints":{"allow":["GET"]}}],"collection":[{"href":"https:\/\/linitiative.ca\/International\/wp-json\/wp\/v2\/posts"}],"about":[{"href":"https:\/\/linitiative.ca\/International\/wp-json\/wp\/v2\/types\/post"}],"author":[{"embeddable":true,"href":"https:\/\/linitiative.ca\/International\/wp-json\/wp\/v2\/users\/1738"}],"replies":[{"embeddable":true,"href":"https:\/\/linitiative.ca\/International\/wp-json\/wp\/v2\/comments?post=136090"}],"version-history":[{"count":0,"href":"https:\/\/linitiative.ca\/International\/wp-json\/wp\/v2\/posts\/136090\/revisions"}],"wp:attachment":[{"href":"https:\/\/linitiative.ca\/International\/wp-json\/wp\/v2\/media?parent=136090"}],"wp:term":[{"taxonomy":"category","embeddable":true,"href":"https:\/\/linitiative.ca\/International\/wp-json\/wp\/v2\/categories?post=136090"},{"taxonomy":"post_tag","embeddable":true,"href":"https:\/\/linitiative.ca\/International\/wp-json\/wp\/v2\/tags?post=136090"}],"curies":[{"name":"wp","href":"https:\/\/api.w.org\/{rel}","templated":true}]}}