{"id":136094,"date":"2021-12-17T03:00:00","date_gmt":"2021-12-17T08:00:00","guid":{"rendered":"https:\/\/linitiative.ca\/International\/maya-jeribi-une-icone-tunisienne\/"},"modified":"2021-12-17T03:00:00","modified_gmt":"2021-12-17T08:00:00","slug":"maya-jeribi-une-icone-tunisienne","status":"publish","type":"post","link":"https:\/\/linitiative.ca\/International\/maya-jeribi-une-icone-tunisienne\/","title":{"rendered":"Maya Jeribi, une ic\u00f4ne tunisienne"},"content":{"rendered":"<div><img decoding=\"async\" src=\"https:\/\/linitiative.ca\/International\/wp-content\/uploads\/sites\/23\/2021\/12\/1639679662_article.jpg\" alt=\"Maya Jeribi, une ic\u00f4ne tunisienne\" align=\"left\">Son sourire est l\u00e9gendaire ! Moqueur face \u00e0 l\u2019adversit\u00e9, affectueux avec tous les bless\u00e9s, fraternel avec ses compagnons de lutte. Frondeuse, compatissante, mobilisatrice, battante&#8230; Ainsi \u00e9tait Maya Jeribi, v\u00e9ritable ic\u00f4ne du mouvement d\u00e9mocratique tunisien, disparue trop top, il y a trois ans et demi, le 19 mai 2018, \u00e0 l\u2019\u00e2ge de 58 ans. De son parcours et de son combat, on conna\u00eet certains \u00e9pisodes, mais beaucoup d\u2019autres facettes restent \u00e0 d\u00e9couvrir. Qui mieux que Rachid Khechana pour s\u2019y atteler, comme il vient de le faire dans l\u2019ouvrage qu\u2019il lui consacre sous le titre de Maya Jeribi, une ic\u00f4ne tunisienne. Pour l\u2019avoir c\u00f4toy\u00e9e, des d\u00e9cennies durant, il &#8230;<\/p>\n<\/div>\n<p>Auteur:<br \/>\n<a href=\"https:\/\/www.leaders.com.tn\/article\/32777-maya-jeribi-une-icone-tunisienne\">Cliquez ici pour lire l&rsquo;article depuis sa source.<\/a><\/p>\n","protected":false},"excerpt":{"rendered":"<p>Son sourire est l\u00e9gendaire ! Moqueur face \u00e0 l\u2019adversit\u00e9, affectueux avec tous les bless\u00e9s, fraternel avec ses compagnons de lutte. Frondeuse, compatissante, mobilisatrice, battante&#8230; Ainsi \u00e9tait Maya Jeribi, v\u00e9ritable ic\u00f4ne du mouvement d\u00e9mocratique tunisien, disparue trop top, il y a trois ans et demi, le 19 mai 2018, \u00e0 l\u2019\u00e2ge de 58 ans. De son [&hellip;]<\/p>\n","protected":false},"author":1772,"featured_media":0,"comment_status":"closed","ping_status":"closed","sticky":false,"template":"","format":"standard","meta":{"fifu_image_url":"http:\/\/www.leaders.com.tn\/uploads\/content\/thumbnails_small\/1639679662_article.jpg","fifu_image_alt":"Maya Jeribi, une ic\u00f4ne tunisienne","footnotes":""},"categories":[73,55],"tags":[],"class_list":["post-136094","post","type-post","status-publish","format-standard","hentry","category-actualite","category-tunisie"],"_links":{"self":[{"href":"https:\/\/linitiative.ca\/International\/wp-json\/wp\/v2\/posts\/136094","targetHints":{"allow":["GET"]}}],"collection":[{"href":"https:\/\/linitiative.ca\/International\/wp-json\/wp\/v2\/posts"}],"about":[{"href":"https:\/\/linitiative.ca\/International\/wp-json\/wp\/v2\/types\/post"}],"author":[{"embeddable":true,"href":"https:\/\/linitiative.ca\/International\/wp-json\/wp\/v2\/users\/1772"}],"replies":[{"embeddable":true,"href":"https:\/\/linitiative.ca\/International\/wp-json\/wp\/v2\/comments?post=136094"}],"version-history":[{"count":0,"href":"https:\/\/linitiative.ca\/International\/wp-json\/wp\/v2\/posts\/136094\/revisions"}],"wp:attachment":[{"href":"https:\/\/linitiative.ca\/International\/wp-json\/wp\/v2\/media?parent=136094"}],"wp:term":[{"taxonomy":"category","embeddable":true,"href":"https:\/\/linitiative.ca\/International\/wp-json\/wp\/v2\/categories?post=136094"},{"taxonomy":"post_tag","embeddable":true,"href":"https:\/\/linitiative.ca\/International\/wp-json\/wp\/v2\/tags?post=136094"}],"curies":[{"name":"wp","href":"https:\/\/api.w.org\/{rel}","templated":true}]}}