{"id":136138,"date":"2021-12-17T11:39:06","date_gmt":"2021-12-17T16:39:06","guid":{"rendered":"https:\/\/linitiative.ca\/International\/le-quotidien-mutations-present-a-la-personnalite-ecomatin-2020\/"},"modified":"2021-12-17T11:39:06","modified_gmt":"2021-12-17T16:39:06","slug":"le-quotidien-mutations-present-a-la-personnalite-ecomatin-2020","status":"publish","type":"post","link":"https:\/\/linitiative.ca\/International\/le-quotidien-mutations-present-a-la-personnalite-ecomatin-2020\/","title":{"rendered":"Le quotidien Mutations pr\u00e9sent \u00e0 la personnalit\u00e9 EcoMatin 2020"},"content":{"rendered":"<div>\n<figure class=\"wp-block-image size-large\"><img loading=\"lazy\" decoding=\"async\" width=\"748\" height=\"1024\" src=\"https:\/\/linitiative.ca\/International\/wp-content\/uploads\/sites\/23\/2021\/12\/DocScanner-17-dec.-2021-16.51-748x1024-1.jpg\" alt=\"\" class=\"wp-image-36147\" srcset=\"https:\/\/linitiative.ca\/International\/wp-content\/uploads\/sites\/23\/2021\/12\/DocScanner-17-dec.-2021-16.51-748x1024-1.jpg 748w, https:\/\/ecomatin.net\/wp-content\/uploads\/2021\/12\/DocScanner-17-dec.-2021-16.51-219x300.jpg 219w, https:\/\/ecomatin.net\/wp-content\/uploads\/2021\/12\/DocScanner-17-dec.-2021-16.51-768x1051.jpg 768w, https:\/\/ecomatin.net\/wp-content\/uploads\/2021\/12\/DocScanner-17-dec.-2021-16.51-1122x1536.jpg 1122w, https:\/\/ecomatin.net\/wp-content\/uploads\/2021\/12\/DocScanner-17-dec.-2021-16.51-1496x2048.jpg 1496w, https:\/\/ecomatin.net\/wp-content\/uploads\/2021\/12\/DocScanner-17-dec.-2021-16.51-scaled.jpg 1870w\" sizes=\"auto, (max-width: 748px) 100vw, 748px\"><\/figure>\n<div class=\"wp-block-buttons\">\n<div class=\"wp-block-button\"><a class=\"wp-block-button__link has-vivid-red-background-color has-background\" href=\"https:\/\/ecomatin.net\/wp-content\/uploads\/2021\/12\/Mutations-Personnalite-EcoMatin-2020.pdf\">T\u00e9l\u00e9charger le PDF<\/a><\/div>\n<\/div>\n<p>L\u2019article <a rel=\"nofollow\" href=\"https:\/\/ecomatin.net\/le-quotidien-mutations-present-a-la-personnalite-ecomatin-2020\/\">Le quotidien Mutations pr\u00e9sent \u00e0 la personnalit\u00e9 EcoMatin 2020<\/a> est apparu en premier sur <a rel=\"nofollow\" href=\"https:\/\/ecomatin.net\/\">EcoMatin<\/a>.<\/p>\n<\/div>\n<p>Auteur: EcoMatin<br \/>\n<a href=\"https:\/\/ecomatin.net\/le-quotidien-mutations-present-a-la-personnalite-ecomatin-2020\/\">Cliquez ici pour lire l&rsquo;article depuis sa source.<\/a><\/p>\n","protected":false},"excerpt":{"rendered":"<p>T\u00e9l\u00e9charger le PDF L\u2019article Le quotidien Mutations pr\u00e9sent \u00e0 la personnalit\u00e9 EcoMatin 2020 est apparu en premier sur EcoMatin. Auteur: EcoMatin Cliquez ici pour lire l&rsquo;article depuis sa source.<\/p>\n","protected":false},"author":1969,"featured_media":0,"comment_status":"closed","ping_status":"closed","sticky":false,"template":"","format":"standard","meta":{"fifu_image_url":"https:\/\/ecomatin.net\/wp-content\/uploads\/2021\/12\/DocScanner-17-dec.-2021-16.51-748x1024.jpg","fifu_image_alt":"Le quotidien Mutations pr\u00e9sent \u00e0 la personnalit\u00e9 EcoMatin 2020","footnotes":""},"categories":[82,78],"tags":[],"class_list":["post-136138","post","type-post","status-publish","format-standard","hentry","category-cameroun","category-economie"],"_links":{"self":[{"href":"https:\/\/linitiative.ca\/International\/wp-json\/wp\/v2\/posts\/136138","targetHints":{"allow":["GET"]}}],"collection":[{"href":"https:\/\/linitiative.ca\/International\/wp-json\/wp\/v2\/posts"}],"about":[{"href":"https:\/\/linitiative.ca\/International\/wp-json\/wp\/v2\/types\/post"}],"author":[{"embeddable":true,"href":"https:\/\/linitiative.ca\/International\/wp-json\/wp\/v2\/users\/1969"}],"replies":[{"embeddable":true,"href":"https:\/\/linitiative.ca\/International\/wp-json\/wp\/v2\/comments?post=136138"}],"version-history":[{"count":0,"href":"https:\/\/linitiative.ca\/International\/wp-json\/wp\/v2\/posts\/136138\/revisions"}],"wp:attachment":[{"href":"https:\/\/linitiative.ca\/International\/wp-json\/wp\/v2\/media?parent=136138"}],"wp:term":[{"taxonomy":"category","embeddable":true,"href":"https:\/\/linitiative.ca\/International\/wp-json\/wp\/v2\/categories?post=136138"},{"taxonomy":"post_tag","embeddable":true,"href":"https:\/\/linitiative.ca\/International\/wp-json\/wp\/v2\/tags?post=136138"}],"curies":[{"name":"wp","href":"https:\/\/api.w.org\/{rel}","templated":true}]}}