{"id":136176,"date":"2021-12-18T14:17:56","date_gmt":"2021-12-18T19:17:56","guid":{"rendered":"https:\/\/linitiative.ca\/International\/covid-le-point-sur-la-pandemie-dans-le-monde\/"},"modified":"2021-12-18T14:17:56","modified_gmt":"2021-12-18T19:17:56","slug":"covid-le-point-sur-la-pandemie-dans-le-monde","status":"publish","type":"post","link":"https:\/\/linitiative.ca\/International\/covid-le-point-sur-la-pandemie-dans-le-monde\/","title":{"rendered":"COVID: le point sur la pand\u00e9mie dans le monde"},"content":{"rendered":"<div>\n<div class=\"field field-name-body field-type-text-with-summary field-label-hidden\">\n<div class=\"field-items\">\n<div class=\"field-item even\" property=\"content:encoded\">\n<p><strong>Nouvelles mesures, nouveaux bilans et faits marquants : un point sur les derni\u00e8res \u00e9volutions de la pand\u00e9mie de Covid-19 dans le monde.<\/strong><\/p>\n<p>Les Pays-Bas seront plac\u00e9s d\u00e8s dimanche en \u00ab\u00a0confinement\u00a0\u00bb, pour la p\u00e9riode des f\u00eates de No\u00ebl, afin de tenter de stopper la cinqui\u00e8me vague de Covid-19 et la forte progression du variant Omicron, a annonc\u00e9 samedi le Premier ministre n\u00e9erlandais Mark Rutte.<\/p>\n<\/div>\n<\/div>\n<\/div>\n<\/div>\n<p>Auteur: mbasraoui<br \/>\n<a href=\"https:\/\/www.leconomiste.com\/flash-infos\/covid-le-point-sur-la-pandemie-dans-le-monde-0\">Cliquez ici pour lire l&rsquo;article depuis sa source.<\/a><\/p>\n","protected":false},"excerpt":{"rendered":"<p>Nouvelles mesures, nouveaux bilans et faits marquants : un point sur les derni\u00e8res \u00e9volutions de la pand\u00e9mie de Covid-19 dans le monde. Les Pays-Bas seront plac\u00e9s d\u00e8s dimanche en \u00ab\u00a0confinement\u00a0\u00bb, pour la p\u00e9riode des f\u00eates de No\u00ebl, afin de tenter de stopper la cinqui\u00e8me vague de Covid-19 et la forte progression du variant Omicron, a [&hellip;]<\/p>\n","protected":false},"author":1763,"featured_media":0,"comment_status":"closed","ping_status":"closed","sticky":false,"template":"","format":"standard","meta":{"fifu_image_url":"","fifu_image_alt":"","footnotes":""},"categories":[78,54],"tags":[],"class_list":["post-136176","post","type-post","status-publish","format-standard","hentry","category-economie","category-maroc"],"_links":{"self":[{"href":"https:\/\/linitiative.ca\/International\/wp-json\/wp\/v2\/posts\/136176","targetHints":{"allow":["GET"]}}],"collection":[{"href":"https:\/\/linitiative.ca\/International\/wp-json\/wp\/v2\/posts"}],"about":[{"href":"https:\/\/linitiative.ca\/International\/wp-json\/wp\/v2\/types\/post"}],"author":[{"embeddable":true,"href":"https:\/\/linitiative.ca\/International\/wp-json\/wp\/v2\/users\/1763"}],"replies":[{"embeddable":true,"href":"https:\/\/linitiative.ca\/International\/wp-json\/wp\/v2\/comments?post=136176"}],"version-history":[{"count":0,"href":"https:\/\/linitiative.ca\/International\/wp-json\/wp\/v2\/posts\/136176\/revisions"}],"wp:attachment":[{"href":"https:\/\/linitiative.ca\/International\/wp-json\/wp\/v2\/media?parent=136176"}],"wp:term":[{"taxonomy":"category","embeddable":true,"href":"https:\/\/linitiative.ca\/International\/wp-json\/wp\/v2\/categories?post=136176"},{"taxonomy":"post_tag","embeddable":true,"href":"https:\/\/linitiative.ca\/International\/wp-json\/wp\/v2\/tags?post=136176"}],"curies":[{"name":"wp","href":"https:\/\/api.w.org\/{rel}","templated":true}]}}