{"id":136181,"date":"2021-12-18T13:59:00","date_gmt":"2021-12-18T18:59:00","guid":{"rendered":"https:\/\/linitiative.ca\/International\/coupe-arabe-mahrez-reagit-au-sacre-des-verts\/"},"modified":"2021-12-18T13:59:00","modified_gmt":"2021-12-18T18:59:00","slug":"coupe-arabe-mahrez-reagit-au-sacre-des-verts","status":"publish","type":"post","link":"https:\/\/linitiative.ca\/International\/coupe-arabe-mahrez-reagit-au-sacre-des-verts\/","title":{"rendered":"Coupe Arabe : Mahrez r\u00e9agit au sacre des Verts"},"content":{"rendered":"<div>Riyad Mahrez \u00e9tait en feu apr\u00e8s la victoire de l&rsquo;Alg\u00e9rie en finale de la Coupe d&rsquo;Arabe face \u00e0 la Tunisie<\/div>\n<p>Auteur:<br \/>\n<a href=\"https:\/\/www.lebuteur.com\/article\/detail?titre=coupe-arabe-mahrez-reagit-au-sacre-des-verts&#038;id=101851\">Cliquez ici pour lire l&rsquo;article depuis sa source.<\/a><\/p>\n","protected":false},"excerpt":{"rendered":"<p>Riyad Mahrez \u00e9tait en feu apr\u00e8s la victoire de l&rsquo;Alg\u00e9rie en finale de la Coupe d&rsquo;Arabe face \u00e0 la Tunisie Auteur: Cliquez ici pour lire l&rsquo;article depuis sa source.<\/p>\n","protected":false},"author":1738,"featured_media":0,"comment_status":"closed","ping_status":"closed","sticky":false,"template":"","format":"standard","meta":{"fifu_image_url":"","fifu_image_alt":"","footnotes":""},"categories":[53,75],"tags":[],"class_list":["post-136181","post","type-post","status-publish","format-standard","hentry","category-algerie","category-sport"],"_links":{"self":[{"href":"https:\/\/linitiative.ca\/International\/wp-json\/wp\/v2\/posts\/136181","targetHints":{"allow":["GET"]}}],"collection":[{"href":"https:\/\/linitiative.ca\/International\/wp-json\/wp\/v2\/posts"}],"about":[{"href":"https:\/\/linitiative.ca\/International\/wp-json\/wp\/v2\/types\/post"}],"author":[{"embeddable":true,"href":"https:\/\/linitiative.ca\/International\/wp-json\/wp\/v2\/users\/1738"}],"replies":[{"embeddable":true,"href":"https:\/\/linitiative.ca\/International\/wp-json\/wp\/v2\/comments?post=136181"}],"version-history":[{"count":0,"href":"https:\/\/linitiative.ca\/International\/wp-json\/wp\/v2\/posts\/136181\/revisions"}],"wp:attachment":[{"href":"https:\/\/linitiative.ca\/International\/wp-json\/wp\/v2\/media?parent=136181"}],"wp:term":[{"taxonomy":"category","embeddable":true,"href":"https:\/\/linitiative.ca\/International\/wp-json\/wp\/v2\/categories?post=136181"},{"taxonomy":"post_tag","embeddable":true,"href":"https:\/\/linitiative.ca\/International\/wp-json\/wp\/v2\/tags?post=136181"}],"curies":[{"name":"wp","href":"https:\/\/api.w.org\/{rel}","templated":true}]}}