{"id":136222,"date":"2021-12-18T12:27:34","date_gmt":"2021-12-18T17:27:34","guid":{"rendered":"https:\/\/linitiative.ca\/International\/4eme-financial-afrik-awards-africa-24-prime-meilleur-media-africain-2021\/"},"modified":"2021-12-18T12:27:34","modified_gmt":"2021-12-18T17:27:34","slug":"4eme-financial-afrik-awards-africa-24-prime-meilleur-media-africain-2021","status":"publish","type":"post","link":"https:\/\/linitiative.ca\/International\/4eme-financial-afrik-awards-africa-24-prime-meilleur-media-africain-2021\/","title":{"rendered":"4\u00e8me Financial Afrik Awards : AFRICA 24 prim\u00e9 Meilleur M\u00e9dia Africain 2021"},"content":{"rendered":"<div><div data-elementor-type=\"wp-post\" data-elementor-id=\"36165\" class=\"elementor elementor-36165\" data-elementor-settings=\"[]\">\n\t\t\t\t\t\t<div class=\"elementor-inner\">\n\t\t\t\t\t\t\t<div class=\"elementor-section-wrap\">\n\t\t\t\t\t\t\t<section data-particle_enable=\"false\" data-particle-mobile-disabled=\"false\" class=\"elementor-section elementor-top-section elementor-element elementor-element-ea50ce7 elementor-section-boxed elementor-section-height-default elementor-section-height-default\" data-id=\"ea50ce7\" data-element_type=\"section\" data-settings='{\"ekit_has_onepagescroll_dot\":\"yes\"}'>\n\t\t\t\t\t\t<div class=\"elementor-container elementor-column-gap-default\">\n\t\t\t\t\t\t\t<div class=\"elementor-row\">\n\t\t\t\t\t<div class=\"elementor-column elementor-col-100 elementor-top-column elementor-element elementor-element-21190141\" data-id=\"21190141\" data-element_type=\"column\">\n\t\t\t<div class=\"elementor-column-wrap elementor-element-populated\">\n\t\t\t\t\t\t\t<div class=\"elementor-widget-wrap\">\n\t\t\t\t\t\t<div class=\"elementor-element elementor-element-7f32e7a elementor-widget elementor-widget-text-editor\" data-id=\"7f32e7a\" data-element_type=\"widget\" data-settings='{\"ekit_we_effect_on\":\"none\"}' data-widget_type=\"text-editor.default\">\n\t\t\t\t<div class=\"elementor-widget-container\">\n\t\t\t\t\t\t\t\t<div class=\"elementor-text-editor elementor-clearfix\">\n\t\t\t\t<p><\/p>\n<p>Le jury du Financial Afrik Awards est compos\u00e9 de plusieurs \u00e9conomistes et financiers africains de renom qui \u00e9tudient plus d\u2019une vingtaine de secteurs \u00e9conomiques du continent. Dans le cadre des m\u00e9dias, au terme d\u2019une \u00e9tude de tous principaux acteurs du continent, Africa24 a \u00e9t\u00e9 d\u00e9sign\u00e9 pour le prix du meilleur m\u00e9dia africain 2021. Une r\u00e9compense qui selon le jury consacre 13 ann\u00e9es d\u2019une qualit\u00e9 de travail dynamique, de la richesse \u00e9ditoriale, notamment dans la qualit\u00e9 de l\u2019information africaine, mais aussi sur un leadership d\u2019audience incontestable et une innovation digitale remarquable.\u00a0 Par ailleurs, le jury a tenu \u00e0 distinguer aussi\u00a0 la vision du fondateur du Groupe Africa24 Constant Nemale, qui a su depuis l\u2019initiation du projet d\u00e9tecter et former des jeunes journalistes talentueux qui font la fiert\u00e9 du continent. Pour les participants \u00e0 cette 4\u00e8me \u00e9dition des Financial Afrik Awards qui se tient en Mauritanie, la distinction du Groupe m\u00e9dia est plus que m\u00e9rit\u00e9e.<\/p>\n<p><\/p>\n<p><\/p>\n<p><\/p>\t\t\t\t\t<\/div>\n\t\t\t\t\t\t<\/div>\n\t\t\t\t<\/div>\n\t\t\t\t<div class=\"elementor-element elementor-element-69f5da8 elementor-widget elementor-widget-image\" data-id=\"69f5da8\" data-element_type=\"widget\" data-settings='{\"ekit_we_effect_on\":\"none\"}' data-widget_type=\"image.default\">\n\t\t\t\t<div class=\"elementor-widget-container\">\n\t\t\t\t\t\t\t\t<div class=\"elementor-image\">\n\t\t\t\t\t\t\t\t\t<figure class=\"wp-caption\">\n\t\t\t\t\t\t\t\t\t\t<img loading=\"lazy\" decoding=\"async\" width=\"1024\" height=\"1015\" src=\"https:\/\/linitiative.ca\/International\/wp-content\/uploads\/sites\/23\/2021\/12\/award-1024x1015-1.jpeg\" class=\"attachment-large size-large\" alt=\"\" srcset=\"https:\/\/linitiative.ca\/International\/wp-content\/uploads\/sites\/23\/2021\/12\/award-1024x1015-1.jpeg 1024w, https:\/\/ecomatin.net\/wp-content\/uploads\/2021\/12\/award-300x297.jpeg 300w, https:\/\/ecomatin.net\/wp-content\/uploads\/2021\/12\/award-150x150.jpeg 150w, https:\/\/ecomatin.net\/wp-content\/uploads\/2021\/12\/award-768x761.jpeg 768w, https:\/\/ecomatin.net\/wp-content\/uploads\/2021\/12\/award.jpeg 1199w\" sizes=\"auto, (max-width: 1024px) 100vw, 1024px\">\t\t\t\t\t\t\t\t\t\t\t<figcaption class=\"widget-image-caption wp-caption-text\">Le camerounais Constant Nemale d\u00e9sign\u00e9 parmi les 100 personnalit\u00e9s les plus influentes d\u2019Afrique<\/figcaption>\n\t\t\t\t\t\t\t\t\t\t<\/figure>\n\t\t\t\t\t\t\t\t<\/div>\n\t\t\t\t\t\t<\/div>\n\t\t\t\t<\/div>\n\t\t\t\t\t\t<\/div>\n\t\t\t\t\t<\/div>\n\t\t<\/div>\n\t\t\t\t\t\t\t\t<\/div>\n\t\t\t\t\t<\/div>\n\t\t<\/section>\n\t\t\t\t<section data-particle_enable=\"false\" data-particle-mobile-disabled=\"false\" class=\"elementor-section elementor-top-section elementor-element elementor-element-b18d241 elementor-section-boxed elementor-section-height-default elementor-section-height-default\" data-id=\"b18d241\" data-element_type=\"section\" data-settings='{\"ekit_has_onepagescroll_dot\":\"yes\"}'>\n\t\t\t\t\t\t<div class=\"elementor-container elementor-column-gap-default\">\n\t\t\t\t\t\t\t<div class=\"elementor-row\">\n\t\t\t\t\t<div class=\"elementor-column elementor-col-100 elementor-top-column elementor-element elementor-element-907d16f\" data-id=\"907d16f\" data-element_type=\"column\">\n\t\t\t<div class=\"elementor-column-wrap elementor-element-populated\">\n\t\t\t\t\t\t\t<div class=\"elementor-widget-wrap\">\n\t\t\t\t\t\t<div class=\"elementor-element elementor-element-c53939a elementor-widget elementor-widget-text-editor\" data-id=\"c53939a\" data-element_type=\"widget\" data-settings='{\"ekit_we_effect_on\":\"none\"}' data-widget_type=\"text-editor.default\">\n\t\t\t\t<div class=\"elementor-widget-container\">\n\t\t\t\t\t\t\t\t<div class=\"elementor-text-editor elementor-clearfix\">\n\t\t\t\t<p><strong>Ylias Akbaraly juge le travail d\u2019Africa 24 indispensable pour les hommes d\u2019affaires du continent<\/strong><\/p>\n<p><!-- \/wp:post-content --><!-- wp:paragraph --><\/p>\n<p>Pr\u00e9sident du Groupe International Redland qui emploie 8000 salari\u00e9s en Afrique, en Europe et aux Etats Unis, dans plusieurs secteurs tels que l\u2019industrie, la finance, l\u2019\u00e9nergie, les technologies, le tourisme, l\u2019aviation, l\u2019immobilier et le broadcast, le milliardaire malgache\u00a0<strong>Ylias Akbaraly<\/strong>\u00a0pr\u00e9sent \u00e0 la c\u00e9r\u00e9monie \u00e0 Nouakchott s\u2019est montr\u00e9 enthousiaste devant le choix d\u2019Africa 24. \u00ab\u00a0Africa 24 m\u00e9rite cette r\u00e9compense. Le travail que cette cha\u00eene r\u00e9alise et qu\u2019elle apporte \u00e0 nous les hommes d\u2019affaires est extr\u00eamement pr\u00e9cieux. On se rend tous aujourd\u2019hui que sans le travail des journalistes d\u2019Africa 24, nous n\u2019aurons pas les objectifs que nous esp\u00e9rons. Ce prix est normal et m\u00e9rit\u00e9. J\u2019adresse \u00e0 Africa 24, son fondateur, ses partenaires et ses employ\u00e9s les f\u00e9licitations de mon Groupe et le mien aussi \u00bb a-t-il relev\u00e9.<\/p>\n<p><strong>Le soutien d\u00e9terminant de la\u00a0 R\u00e9publique du Cameroun, le partenaire institutionnel<\/strong><\/p>\n<p><!-- \/wp:paragraph --><!-- wp:paragraph --><\/p>\n<p>Le Groupe Africa24 est l\u2019unique cha\u00eene de t\u00e9l\u00e9vision \u00e0 la dimension mondiale \u00e9tablie, fond\u00e9e par un Africain, d\u00e9tenu par des capitaux 100% africains. Partenaire m\u00e9dia officiel de l\u2019Union Africaine, Africa 24 b\u00e9n\u00e9ficie depuis une d\u00e9cennie, d\u2019un soutien remarquable de son partenaire institutionnel de r\u00e9f\u00e9rence la R\u00e9publique du Cameroun, qui permet au m\u00e9dia d\u2019\u00eatre la v\u00e9ritable et unique vitrine du continent dans toute sa diversit\u00e9. Le jury a aussi appr\u00e9ci\u00e9 la qualit\u00e9 de l\u2019information financi\u00e8re du Groupe Africa24 \u00e0 travers la transparence de ses sources de financements, de son exploitation, de ses r\u00e9sultats financiers mais aussi des difficult\u00e9s\u00a0 rencontr\u00e9es dans son d\u00e9veloppement.\u00a0<\/p>\n<p><!-- \/wp:paragraph --><!-- wp:paragraph --><\/p>\n<p>Pour\u00a0<strong>Adama Wade<\/strong>, l\u2019\u00e9diteur du Groupe Financial Afrik, initiateur de cette quatri\u00e8me \u00e9dition, le choix du d\u2019Africa 24 est aussi une reconnaissance du parcours de son fondateur \u00ab\u00a0 Constant Nemale est une inspiration pour tous ceux qui sont dans l\u2019industrie du m\u00e9dia en Afrique. Il a \u00e9t\u00e9 choisi au milieu de groupe africain tout aussi m\u00e9ritant, mais je pense que le jury \u00e0 l\u2019unanimit\u00e9 a voulu saluer en lui la pers\u00e9v\u00e9rance, la r\u00e9silience et aussi la performance\u00a0\u00bb<\/p>\n<p><!-- \/wp:paragraph --><!-- wp:paragraph --><\/p>\n<p>Constant Nemale, le fondateur d\u2019Africa 24 se voit ainsi distingu\u00e9 en figurant dans la liste des 100 personnalit\u00e9s les plus influentes du continent. Il s\u2019agit d\u2019une reconnaissance de sa\u00a0 capacit\u00e9 \u00e0 surmonter les nombreux d\u00e9fis et difficult\u00e9s pour garantir la p\u00e9rennit\u00e9 et le rayonnement d\u2019Africa24.\u00a0<\/p>\t\t\t\t\t<\/div>\n\t\t\t\t\t\t<\/div>\n\t\t\t\t<\/div>\n\t\t\t\t\t\t<\/div>\n\t\t\t\t\t<\/div>\n\t\t<\/div>\n\t\t\t\t\t\t\t\t<\/div>\n\t\t\t\t\t<\/div>\n\t\t<\/section>\n\t\t\t\t<section data-particle_enable=\"false\" data-particle-mobile-disabled=\"false\" class=\"elementor-section elementor-top-section elementor-element elementor-element-9283ded elementor-section-boxed elementor-section-height-default elementor-section-height-default\" data-id=\"9283ded\" data-element_type=\"section\" data-settings='{\"background_background\":\"classic\",\"ekit_has_onepagescroll_dot\":\"yes\"}'>\n\t\t\t\t\t\t<div class=\"elementor-container elementor-column-gap-default\">\n\t\t\t\t\t\t\t<div class=\"elementor-row\">\n\t\t\t\t\t<div class=\"elementor-column elementor-col-100 elementor-top-column elementor-element elementor-element-6775c1d\" data-id=\"6775c1d\" data-element_type=\"column\">\n\t\t\t<div class=\"elementor-column-wrap elementor-element-populated\">\n\t\t\t\t\t\t\t<div class=\"elementor-widget-wrap\">\n\t\t\t\t\t\t<div class=\"elementor-element elementor-element-bbf9f80 elementor-widget elementor-widget-heading\" data-id=\"bbf9f80\" data-element_type=\"widget\" data-settings='{\"ekit_we_effect_on\":\"none\"}' data-widget_type=\"heading.default\">\n\t\t\t\t<div class=\"elementor-widget-container\">\n\t\t\t<h4 class=\"elementor-heading-title elementor-size-default\">Le plaidoyer du Milliardaire Malgache pour Africa 24 et la jeunesse Africaine<\/h4>\t\t<\/div>\n\t\t\t\t<\/div>\n\t\t\t\t<div class=\"elementor-element elementor-element-5113118 elementor-widget elementor-widget-image\" data-id=\"5113118\" data-element_type=\"widget\" data-settings='{\"ekit_we_effect_on\":\"none\"}' data-widget_type=\"image.default\">\n\t\t\t\t<div class=\"elementor-widget-container\">\n\t\t\t\t\t\t\t\t<div class=\"elementor-image\">\n\t\t\t\t\t\t\t\t\t<figure class=\"wp-caption\">\n\t\t\t\t\t\t\t\t\t\t<img loading=\"lazy\" decoding=\"async\" width=\"1024\" height=\"587\" src=\"https:\/\/linitiative.ca\/International\/wp-content\/uploads\/sites\/23\/2021\/12\/ylias2-1024x587-1.jpeg\" class=\"attachment-large size-large\" alt=\"\" srcset=\"https:\/\/linitiative.ca\/International\/wp-content\/uploads\/sites\/23\/2021\/12\/ylias2-1024x587-1.jpeg 1024w, https:\/\/ecomatin.net\/wp-content\/uploads\/2021\/12\/ylias2-300x172.jpeg 300w, https:\/\/ecomatin.net\/wp-content\/uploads\/2021\/12\/ylias2-768x440.jpeg 768w, https:\/\/ecomatin.net\/wp-content\/uploads\/2021\/12\/ylias2.jpeg 1200w\" sizes=\"auto, (max-width: 1024px) 100vw, 1024px\">\t\t\t\t\t\t\t\t\t\t\t<figcaption class=\"widget-image-caption wp-caption-text\">Ylias AKBARALY : Pr\u00e9sident Directeur G\u00e9n\u00e9ral du Groupe REDLAND<\/figcaption>\n\t\t\t\t\t\t\t\t\t\t<\/figure>\n\t\t\t\t\t\t\t\t<\/div>\n\t\t\t\t\t\t<\/div>\n\t\t\t\t<\/div>\n\t\t\t\t<div class=\"elementor-element elementor-element-211eedf elementor-widget elementor-widget-text-editor\" data-id=\"211eedf\" data-element_type=\"widget\" data-settings='{\"ekit_we_effect_on\":\"none\"}' data-widget_type=\"text-editor.default\">\n\t\t\t\t<div class=\"elementor-widget-container\">\n\t\t\t\t\t\t\t\t<div class=\"elementor-text-editor elementor-clearfix\">\n\t\t\t\t<p style=\"font-weight: 400;\">\u00ab\u00a0Je suis fier d\u2019\u00eatre ici \u00e0 Nouakchott en Afrique pour cette c\u00e9r\u00e9monie des 4<sup>\u00e8me<\/sup>\u00a0Financial Afrik Awards.\u00a0 Je voudrais profiter de cette tribune pour lancer un vibrant appel \u00e0 la jeunesse africaine. Il faut croire en nous. Tout ce que nous faisons aujourd\u2019hui et r\u00e9alisons est pour vous passer le relais.<\/p>\n<p style=\"font-weight: 400;\">Vous devez assurer et assumer ce combat. Mon histoire est simple, je suis parti d\u2019une entreprise familiale de 20 salari\u00e9s pour construire un groupe pr\u00e9sent sur les 5 continents de plus de 8000 salari\u00e9s. Nous sommes pr\u00e9sents dans divers corps de m\u00e9tiers et r\u00e9alisons des investissements pour obtenir le leadership dans plusieurs secteurs.<\/p>\n<p><b>AFRICA 24 est un outil indispensable et d\u00e9terminant pour le monde \u00e9conomique<\/b><\/p>\n<p style=\"font-weight: 400;\">Actuellement aux Etats unis, nous sommes en phase de rachat d\u2019un leader dans l\u2019univers de la production, du contenu et des radios. Nous devons tous avoir cette ambition. Et il est important que nous comprenions les enjeux de ce monde. C\u2019est la force d\u2019Africa 24 de nous faire comprendre l\u2019Afrique et de nous informer mieux que n\u2019importe quel autre m\u00e9dia sur les r\u00e9alit\u00e9s de notre continent. Cet enjeu du contr\u00f4le de notre information par nous les africains est d\u00e9terminant. Africa 24 est le seul \u00e0 avoir r\u00e9ussi ce pari. Ce que Africa24 r\u00e9alise est tr\u00e8s important pour nous dans le monde \u00e9conomique. J\u2019en ai pris conscience par le pass\u00e9, voil\u00e0 pourquoi j\u2019ai voulu racheter Africanews, la d\u00e9clinaison africaine d\u2019Euronews.<\/p>\n<p style=\"font-weight: 400;\">Cette volont\u00e9 d\u00e9montre \u00e0 quel point le travail et la r\u00e9ussite d\u2019Africa 24 est v\u00e9ritablement essentiel pour nous les hommes d\u2019affaires et du milieu \u00e9conomique. Cette r\u00e9ussite est m\u00e9rit\u00e9e et nous nous devons tous de l\u2019accompagner pour offrir \u00e0 la jeunesse africaine des outils qui vont lui permettre de rivaliser avec les plus grandes nations. Je salue la performance de tous ceux qui contribuent au d\u00e9veloppement d\u2019Africa 24. Les salari\u00e9s, les journalistes qui font un tr\u00e8s bon travail, et tous les partenaires. Africa 24 est une force collective au service de l\u2019Afrique\u00a0\u00bb.<\/p>\t\t\t\t\t<\/div>\n\t\t\t\t\t\t<\/div>\n\t\t\t\t<\/div>\n\t\t\t\t\t\t<\/div>\n\t\t\t\t\t<\/div>\n\t\t<\/div>\n\t\t\t\t\t\t\t\t<\/div>\n\t\t\t\t\t<\/div>\n\t\t<\/section>\n\t\t\t\t<section data-particle_enable=\"false\" data-particle-mobile-disabled=\"false\" class=\"elementor-section elementor-top-section elementor-element elementor-element-1d9ffeb elementor-section-boxed elementor-section-height-default elementor-section-height-default\" data-id=\"1d9ffeb\" data-element_type=\"section\" data-settings='{\"ekit_has_onepagescroll_dot\":\"yes\"}'>\n\t\t\t\t\t\t<div class=\"elementor-container elementor-column-gap-default\">\n\t\t\t\t\t\t\t<div class=\"elementor-row\">\n\t\t\t\t\t<div class=\"elementor-column elementor-col-100 elementor-top-column elementor-element elementor-element-3d72fb4\" data-id=\"3d72fb4\" data-element_type=\"column\">\n\t\t\t<div class=\"elementor-column-wrap elementor-element-populated\">\n\t\t\t\t\t\t\t<div class=\"elementor-widget-wrap\">\n\t\t\t\t\t\t<div class=\"elementor-element elementor-element-40b5e57 elementor-widget elementor-widget-text-editor\" data-id=\"40b5e57\" data-element_type=\"widget\" data-settings='{\"ekit_we_effect_on\":\"none\"}' data-widget_type=\"text-editor.default\">\n\t\t\t\t<div class=\"elementor-widget-container\">\n\t\t\t\t\t\t\t\t<div class=\"elementor-text-editor elementor-clearfix\">\n\t\t\t\t<p style=\"font-weight: 400;\"><strong>Ylias Akbaraly, parcours d\u2019un milliardaire africain conqu\u00e9rant<\/strong><\/p>\n<p style=\"font-weight: 400;\">Ylias Akbaraly est le pr\u00e9sident du Groupe Redland, un groupe international pr\u00e9sent dans plusieurs secteurs tels que l\u2019industrie, la finance, l\u2019\u00e9nergie, les technologies, le tourisme, l\u2019aviation, l\u2019immobilier et le broadcast. Redland op\u00e8re \u00e0 Madagascar, dans l\u2019oc\u00e9an Indien et en Afrique via le Groupe Sipromad, et aux \u00c9tats-Unis et en France avec Thomson Broadcast.<\/p>\n<p style=\"font-weight: 400;\">En 20 ans, Ylias Akbaraly a r\u00e9ussi \u00e0 transformer le groupe familial en une des soci\u00e9t\u00e9s les plus prosp\u00e8res de Madagascar et de l\u2019Oc\u00e9an Indien. Le Groupe repr\u00e9sente aujourd\u2019hui plus de 8000 employ\u00e9s directs et indirects avec des bureaux \u00e0 Maurice, au Maroc, aux Seychelles, au Mali, en France et aux \u00c9tats-Unis. Cette r\u00e9alit\u00e9 est le fruit de l\u2019engagement de ses collaborateurs, tous professionnels de haut niveau et de leur fiert\u00e9 de contribuer \u00e0 une aventure collective.<\/p>\t\t\t\t\t<\/div>\n\t\t\t\t\t\t<\/div>\n\t\t\t\t<\/div>\n\t\t\t\t\t\t<\/div>\n\t\t\t\t\t<\/div>\n\t\t<\/div>\n\t\t\t\t\t\t\t\t<\/div>\n\t\t\t\t\t<\/div>\n\t\t<\/section>\n\t\t\t\t\t\t<\/div>\n\t\t\t\t\t\t<\/div>\n\t\t\t\t\t<\/div>\n\t\t<p>L\u2019article <a rel=\"nofollow\" href=\"https:\/\/ecomatin.net\/4eme-financial-afrik-awards-africa-24-prime-meilleur-media-africain-n-2021\/\">4\u00e8me Financial Afrik Awards : AFRICA 24 prim\u00e9 Meilleur M\u00e9dia Africain 2021<\/a> est apparu en premier sur <a rel=\"nofollow\" href=\"https:\/\/ecomatin.net\/\">EcoMatin<\/a>.<\/p><\/div>\r\nAuteur: EcoMatin\r\n<a href=\"https:\/\/ecomatin.net\/4eme-financial-afrik-awards-africa-24-prime-meilleur-media-africain-n-2021\/\">Cliquez ici pour lire l&rsquo;article depuis sa source.<\/a><br \/>","protected":false},"excerpt":{"rendered":"<p>Le jury du Financial Afrik Awards est compos\u00e9 de plusieurs \u00e9conomistes et financiers africains de renom qui \u00e9tudient plus d\u2019une vingtaine de secteurs \u00e9conomiques du continent. Dans le cadre des m\u00e9dias, au terme d\u2019une \u00e9tude de tous principaux acteurs du continent, Africa24 a \u00e9t\u00e9 d\u00e9sign\u00e9 pour le prix du meilleur m\u00e9dia africain 2021. Une r\u00e9compense [&hellip;]<\/p>\n","protected":false},"author":1969,"featured_media":0,"comment_status":"closed","ping_status":"closed","sticky":false,"template":"","format":"standard","meta":{"fifu_image_url":"https:\/\/ecomatin.net\/wp-content\/uploads\/2021\/12\/award-1024x1015.jpeg","fifu_image_alt":"4\u00e8me Financial Afrik Awards : AFRICA 24 prim\u00e9 Meilleur M\u00e9dia Africain 2021","footnotes":""},"categories":[82,78],"tags":[],"class_list":["post-136222","post","type-post","status-publish","format-standard","hentry","category-cameroun","category-economie"],"_links":{"self":[{"href":"https:\/\/linitiative.ca\/International\/wp-json\/wp\/v2\/posts\/136222","targetHints":{"allow":["GET"]}}],"collection":[{"href":"https:\/\/linitiative.ca\/International\/wp-json\/wp\/v2\/posts"}],"about":[{"href":"https:\/\/linitiative.ca\/International\/wp-json\/wp\/v2\/types\/post"}],"author":[{"embeddable":true,"href":"https:\/\/linitiative.ca\/International\/wp-json\/wp\/v2\/users\/1969"}],"replies":[{"embeddable":true,"href":"https:\/\/linitiative.ca\/International\/wp-json\/wp\/v2\/comments?post=136222"}],"version-history":[{"count":0,"href":"https:\/\/linitiative.ca\/International\/wp-json\/wp\/v2\/posts\/136222\/revisions"}],"wp:attachment":[{"href":"https:\/\/linitiative.ca\/International\/wp-json\/wp\/v2\/media?parent=136222"}],"wp:term":[{"taxonomy":"category","embeddable":true,"href":"https:\/\/linitiative.ca\/International\/wp-json\/wp\/v2\/categories?post=136222"},{"taxonomy":"post_tag","embeddable":true,"href":"https:\/\/linitiative.ca\/International\/wp-json\/wp\/v2\/tags?post=136222"}],"curies":[{"name":"wp","href":"https:\/\/api.w.org\/{rel}","templated":true}]}}